{"id":4518,"date":"2025-02-23T09:05:37","date_gmt":"2025-02-23T12:05:37","guid":{"rendered":"https:\/\/noticiasregionais.com.br\/?p=4518"},"modified":"2025-02-23T09:05:48","modified_gmt":"2025-02-23T12:05:48","slug":"ourinhos-amplia-atendimento-contra-a-dengue-veja-onde-buscar-ajuda","status":"publish","type":"post","link":"https:\/\/noticiasregionais.com.br\/?p=4518","title":{"rendered":"Ourinhos amplia atendimento contra a dengue: veja onde buscar ajuda"},"content":{"rendered":"\n<p>Com o aumento dos casos de dengue, a Prefeitura de Ourinhos intensificou as a\u00e7\u00f5es de combate \u00e0 doen\u00e7a e ampliou o atendimento em unidades de sa\u00fade para garantir assist\u00eancia r\u00e1pida \u00e0 popula\u00e7\u00e3o.<\/p>\n\n\n\n<p>Atualmente, 184 casos j\u00e1 foram confirmados na cidade e um \u00f3bito est\u00e1 em investiga\u00e7\u00e3o. Diante desse cen\u00e1rio, algumas UBSs (Unidades B\u00e1sicas de Sa\u00fade) passaram a funcionar em hor\u00e1rios estendidos para atender pacientes com sintomas da dengue. Al\u00e9m disso, equipes m\u00e9dicas foram refor\u00e7adas para garantir um atendimento mais \u00e1gil e eficiente.<\/p>\n\n\n\n<h2 class=\"wp-block-heading\">Onde buscar atendimento?<\/h2>\n\n\n\n<p>Se voc\u00ea apresentar febre alta, dor no corpo, dor atr\u00e1s dos olhos, manchas vermelhas na pele ou cansa\u00e7o extremo, \u00e9 fundamental procurar uma unidade de sa\u00fade o quanto antes. Para facilitar o acesso, confira os hor\u00e1rios de atendimento ampliados:<\/p>\n\n\n\n<h3 class=\"wp-block-heading\">Vila S\u00e3o Luiz &#8211; Ao lado do UPA<\/h3>\n\n\n\n<ul class=\"wp-block-list\">\n<li><strong>Segunda a sexta:<\/strong> 7h \u00e0s 22h<\/li>\n\n\n\n<li><strong>S\u00e1bado e domingo:<\/strong> 12h \u00e0s 18h<\/li>\n<\/ul>\n\n\n\n<h3 class=\"wp-block-heading\">Pronto Atendimento da Cohab<\/h3>\n\n\n\n<ul class=\"wp-block-list\">\n<li><strong>Segunda a sexta:<\/strong> 7h at\u00e9 meia-noite<\/li>\n\n\n\n<li><strong>S\u00e1bado e domingo:<\/strong> 12h at\u00e9 meia-noite<\/li>\n<\/ul>\n\n\n\n<h3 class=\"wp-block-heading\">Unidade B\u00e1sica de Sa\u00fade no Caic<\/h3>\n\n\n\n<ul class=\"wp-block-list\">\n<li><strong>Segunda a sexta:<\/strong> 7h \u00e0s 20h<\/li>\n<\/ul>\n\n\n\n<h3 class=\"wp-block-heading\">Unidade B\u00e1sica de Sa\u00fade do Pacheco<\/h3>\n\n\n\n<ul class=\"wp-block-list\">\n<li><strong>Segunda a sexta:<\/strong> 7h \u00e0s 20h<\/li>\n<\/ul>\n\n\n\n<h2 class=\"wp-block-heading\">Como se proteger da dengue?<\/h2>\n\n\n\n<p>A melhor forma de combater a dengue \u00e9 a preven\u00e7\u00e3o. Para isso, algumas medidas s\u00e3o essenciais:<\/p>\n\n\n\n<p>\u2705 <strong>Elimine focos do mosquito<\/strong> \u2013 Tampe caixas d\u2019\u00e1gua, descarte recipientes que possam acumular \u00e1gua e mantenha quintais sempre limpos. Essas a\u00e7\u00f5es reduzem significativamente o risco de prolifera\u00e7\u00e3o do Aedes aegypti.<br>\u2705 <strong>Use repelente e roupas adequadas<\/strong> \u2013 Sempre que poss\u00edvel, proteja a pele contra picadas, especialmente ao amanhecer e no entardecer, per\u00edodos em que o mosquito \u00e9 mais ativo.<br>\u2705 <strong>Aten\u00e7\u00e3o aos sintomas<\/strong> \u2013 Caso perceba sinais da doen\u00e7a, n\u00e3o espere agravar. Busque atendimento sem demora para evitar complica\u00e7\u00f5es.<\/p>\n\n\n\n<p>Portanto, a Prefeitura de Ourinhos segue monitorando a situa\u00e7\u00e3o e refor\u00e7ando as medidas de combate. A colabora\u00e7\u00e3o da popula\u00e7\u00e3o \u00e9 essencial para vencer essa batalha. Juntos, podemos eliminar o Aedes aegypti e proteger nossas fam\u00edlias! \ud83e\udd9f\ud83d\udeab<\/p>\n\n\n\n<figure class=\"wp-block-gallery has-nested-images columns-4 is-cropped wp-block-gallery-1 is-layout-flex wp-block-gallery-is-layout-flex\">\n<figure class=\"wp-block-image size-large\"><a href=\"https:\/\/noticiasregionais.com.br\/wp-content\/uploads\/2025\/02\/WhatsApp-Image-2025-02-21-at-17.57.042.jpeg\"><img decoding=\"async\" width=\"1024\" height=\"768\" data-id=\"4523\" src=\"https:\/\/noticiasregionais.com.br\/wp-content\/uploads\/2025\/02\/WhatsApp-Image-2025-02-21-at-17.57.042-1024x768.jpeg\" alt=\"\" class=\"wp-image-4523\" srcset=\"https:\/\/noticiasregionais.com.br\/wp-content\/uploads\/2025\/02\/WhatsApp-Image-2025-02-21-at-17.57.042-1024x768.jpeg 1024w, https:\/\/noticiasregionais.com.br\/wp-content\/uploads\/2025\/02\/WhatsApp-Image-2025-02-21-at-17.57.042-300x225.jpeg 300w, https:\/\/noticiasregionais.com.br\/wp-content\/uploads\/2025\/02\/WhatsApp-Image-2025-02-21-at-17.57.042-768x576.jpeg 768w, https:\/\/noticiasregionais.com.br\/wp-content\/uploads\/2025\/02\/WhatsApp-Image-2025-02-21-at-17.57.042-1536x1152.jpeg 1536w, https:\/\/noticiasregionais.com.br\/wp-content\/uploads\/2025\/02\/WhatsApp-Image-2025-02-21-at-17.57.042.jpeg 1600w\" sizes=\"(max-width: 1024px) 100vw, 1024px\" \/><\/a><\/figure>\n\n\n\n<figure class=\"wp-block-image size-large\"><a href=\"https:\/\/noticiasregionais.com.br\/wp-content\/uploads\/2025\/02\/WhatsApp-Image-2025-02-21-at-17.57.041.jpeg\"><img decoding=\"async\" width=\"991\" height=\"750\" data-id=\"4522\" src=\"https:\/\/noticiasregionais.com.br\/wp-content\/uploads\/2025\/02\/WhatsApp-Image-2025-02-21-at-17.57.041.jpeg\" alt=\"\" class=\"wp-image-4522\" srcset=\"https:\/\/noticiasregionais.com.br\/wp-content\/uploads\/2025\/02\/WhatsApp-Image-2025-02-21-at-17.57.041.jpeg 991w, https:\/\/noticiasregionais.com.br\/wp-content\/uploads\/2025\/02\/WhatsApp-Image-2025-02-21-at-17.57.041-300x227.jpeg 300w, https:\/\/noticiasregionais.com.br\/wp-content\/uploads\/2025\/02\/WhatsApp-Image-2025-02-21-at-17.57.041-768x581.jpeg 768w\" sizes=\"(max-width: 991px) 100vw, 991px\" \/><\/a><\/figure>\n\n\n\n<figure class=\"wp-block-image size-large\"><a href=\"https:\/\/noticiasregionais.com.br\/wp-content\/uploads\/2025\/02\/WhatsApp-Image-2025-02-21-at-17.57.03.jpeg\"><img decoding=\"async\" width=\"500\" height=\"386\" data-id=\"4520\" src=\"https:\/\/noticiasregionais.com.br\/wp-content\/uploads\/2025\/02\/WhatsApp-Image-2025-02-21-at-17.57.03.jpeg\" alt=\"\" class=\"wp-image-4520\" srcset=\"https:\/\/noticiasregionais.com.br\/wp-content\/uploads\/2025\/02\/WhatsApp-Image-2025-02-21-at-17.57.03.jpeg 500w, https:\/\/noticiasregionais.com.br\/wp-content\/uploads\/2025\/02\/WhatsApp-Image-2025-02-21-at-17.57.03-300x232.jpeg 300w\" sizes=\"(max-width: 500px) 100vw, 500px\" \/><\/a><\/figure>\n\n\n\n<figure class=\"wp-block-image size-large\"><a href=\"https:\/\/noticiasregionais.com.br\/wp-content\/uploads\/2025\/02\/WhatsApp-Image-2025-02-21-at-17.57.04-1.jpeg\"><img decoding=\"async\" width=\"1024\" height=\"576\" data-id=\"4521\" src=\"https:\/\/noticiasregionais.com.br\/wp-content\/uploads\/2025\/02\/WhatsApp-Image-2025-02-21-at-17.57.04-1-1024x576.jpeg\" alt=\"\" class=\"wp-image-4521\" srcset=\"https:\/\/noticiasregionais.com.br\/wp-content\/uploads\/2025\/02\/WhatsApp-Image-2025-02-21-at-17.57.04-1-1024x576.jpeg 1024w, https:\/\/noticiasregionais.com.br\/wp-content\/uploads\/2025\/02\/WhatsApp-Image-2025-02-21-at-17.57.04-1-300x169.jpeg 300w, https:\/\/noticiasregionais.com.br\/wp-content\/uploads\/2025\/02\/WhatsApp-Image-2025-02-21-at-17.57.04-1-768x432.jpeg 768w, https:\/\/noticiasregionais.com.br\/wp-content\/uploads\/2025\/02\/WhatsApp-Image-2025-02-21-at-17.57.04-1-1536x864.jpeg 1536w, https:\/\/noticiasregionais.com.br\/wp-content\/uploads\/2025\/02\/WhatsApp-Image-2025-02-21-at-17.57.04-1.jpeg 1600w\" sizes=\"(max-width: 1024px) 100vw, 1024px\" \/><\/a><\/figure>\n<\/figure>\n<input type=\"hidden\" id=\"baseurl\" value=\"https:\/\/noticiasregionais.com.br\"><input type=\"hidden\" id=\"audio_nonce\" value=\"533fbb67b1\">","protected":false},"excerpt":{"rendered":"<p>Com o aumento dos casos de dengue, a Prefeitura de Ourinhos intensificou as a\u00e7\u00f5es de combate \u00e0 doen\u00e7a e ampliou&hellip;<\/p>\n","protected":false},"author":1,"featured_media":2510,"comment_status":"closed","ping_status":"open","sticky":false,"template":"","format":"standard","meta":{"sfsi_plus_gutenberg_text_before_share":"","sfsi_plus_gutenberg_show_text_before_share":"","sfsi_plus_gutenberg_icon_type":"","sfsi_plus_gutenberg_icon_alignemt":"","sfsi_plus_gutenburg_max_per_row":"","footnotes":""},"categories":[5,12,1],"tags":[],"class_list":["post-4518","post","type-post","status-publish","format-standard","has-post-thumbnail","hentry","category-ourinhos","category-capa","category-noticias"],"_links":{"self":[{"href":"https:\/\/noticiasregionais.com.br\/index.php?rest_route=\/wp\/v2\/posts\/4518","targetHints":{"allow":["GET"]}}],"collection":[{"href":"https:\/\/noticiasregionais.com.br\/index.php?rest_route=\/wp\/v2\/posts"}],"about":[{"href":"https:\/\/noticiasregionais.com.br\/index.php?rest_route=\/wp\/v2\/types\/post"}],"author":[{"embeddable":true,"href":"https:\/\/noticiasregionais.com.br\/index.php?rest_route=\/wp\/v2\/users\/1"}],"replies":[{"embeddable":true,"href":"https:\/\/noticiasregionais.com.br\/index.php?rest_route=%2Fwp%2Fv2%2Fcomments&post=4518"}],"version-history":[{"count":1,"href":"https:\/\/noticiasregionais.com.br\/index.php?rest_route=\/wp\/v2\/posts\/4518\/revisions"}],"predecessor-version":[{"id":4524,"href":"https:\/\/noticiasregionais.com.br\/index.php?rest_route=\/wp\/v2\/posts\/4518\/revisions\/4524"}],"wp:featuredmedia":[{"embeddable":true,"href":"https:\/\/noticiasregionais.com.br\/index.php?rest_route=\/wp\/v2\/media\/2510"}],"wp:attachment":[{"href":"https:\/\/noticiasregionais.com.br\/index.php?rest_route=%2Fwp%2Fv2%2Fmedia&parent=4518"}],"wp:term":[{"taxonomy":"category","embeddable":true,"href":"https:\/\/noticiasregionais.com.br\/index.php?rest_route=%2Fwp%2Fv2%2Fcategories&post=4518"},{"taxonomy":"post_tag","embeddable":true,"href":"https:\/\/noticiasregionais.com.br\/index.php?rest_route=%2Fwp%2Fv2%2Ftags&post=4518"}],"curies":[{"name":"wp","href":"https:\/\/api.w.org\/{rel}","templated":true}]}}