{"id":4525,"date":"2025-02-23T09:14:32","date_gmt":"2025-02-23T12:14:32","guid":{"rendered":"https:\/\/noticiasregionais.com.br\/?p=4525"},"modified":"2025-02-23T09:14:44","modified_gmt":"2025-02-23T12:14:44","slug":"encontro-de-negocios-reune-empreendedoras-em-ourinhos","status":"publish","type":"post","link":"https:\/\/noticiasregionais.com.br\/?p=4525","title":{"rendered":"Encontro de neg\u00f3cios re\u00fane empreendedoras em Ourinhos"},"content":{"rendered":"\n<p>Na \u00faltima ter\u00e7a-feira (18), cerca de 45 mulheres empreendedoras participaram do evento &#8220;Delas e Elas \u2013 a hora do Pitch&#8221;, promovido pelo Sebrae-SP em parceria com o CMEC (Conselho da Mulher Empreendedora e Cultura) da ACE Ourinhos. O encontro foi realizado no escrit\u00f3rio do Sebrae-SP e teve como principal objetivo estimular conex\u00f5es e oportunidades de neg\u00f3cios entre as participantes.<\/p>\n\n\n\n<h2 class=\"wp-block-heading\">Networking e oportunidades<\/h2>\n\n\n\n<p>Durante o evento, as empreendedoras tiveram a chance de apresentar seus neg\u00f3cios por meio do pitch \u2013 uma exposi\u00e7\u00e3o breve e direta sobre seus produtos ou servi\u00e7os. Essa din\u00e2mica permitiu que as participantes demonstrassem seu potencial e despertassem o interesse de poss\u00edveis clientes e parceiros. Al\u00e9m das apresenta\u00e7\u00f5es, elas tamb\u00e9m levaram materiais promocionais, como cart\u00f5es de visita e folders, para ampliar sua visibilidade.<\/p>\n\n\n\n<h2 class=\"wp-block-heading\">Primeira experi\u00eancia marcante<\/h2>\n\n\n\n<p>Para muitas, a experi\u00eancia foi transformadora. Nathalia Santos, s\u00f3cia da Bruno Climatiza\u00e7\u00e3o, compartilhou sua emo\u00e7\u00e3o ao participar pela primeira vez. &#8220;Eu n\u00e3o sabia exatamente o que era um pitch, mas aprendi no momento e me arrisquei. Foi incr\u00edvel poder compartilhar minha hist\u00f3ria com tantas mulheres determinadas. A energia do evento foi indescrit\u00edvel!&#8221;, relatou.<\/p>\n\n\n\n<h2 class=\"wp-block-heading\">Empreendedorismo feminino em destaque<\/h2>\n\n\n\n<p>De acordo com Viviane Orlandi, analista de neg\u00f3cios e gestora do programa Sebrae Delas, encontros como esse s\u00e3o essenciais para fortalecer o empreendedorismo feminino. &#8220;Mais do que concorr\u00eancia, buscamos criar conex\u00f5es. Quando mulheres se apoiam, elas conquistam novos espa\u00e7os e crescem juntas no mercado&#8221;, destacou.<\/p>\n\n\n\n<h2 class=\"wp-block-heading\">Fortalecendo la\u00e7os e impulsionando neg\u00f3cios<\/h2>\n\n\n\n<p>O evento refor\u00e7ou a import\u00e2ncia da colabora\u00e7\u00e3o e da troca de experi\u00eancias no universo empreendedor. Momentos como esse mostram que, al\u00e9m de impulsionar neg\u00f3cios, criar redes de apoio entre mulheres faz toda a diferen\u00e7a para o crescimento e a consolida\u00e7\u00e3o de suas marcas no mercado.<\/p>\n<input type=\"hidden\" id=\"baseurl\" value=\"https:\/\/noticiasregionais.com.br\"><input type=\"hidden\" id=\"audio_nonce\" value=\"533fbb67b1\">","protected":false},"excerpt":{"rendered":"<p>Na \u00faltima ter\u00e7a-feira (18), cerca de 45 mulheres empreendedoras participaram do evento &#8220;Delas e Elas \u2013 a hora do Pitch&#8221;,&hellip;<\/p>\n","protected":false},"author":1,"featured_media":4526,"comment_status":"closed","ping_status":"open","sticky":false,"template":"","format":"standard","meta":{"sfsi_plus_gutenberg_text_before_share":"","sfsi_plus_gutenberg_show_text_before_share":"","sfsi_plus_gutenberg_icon_type":"","sfsi_plus_gutenberg_icon_alignemt":"","sfsi_plus_gutenburg_max_per_row":"","footnotes":""},"categories":[5,10,1],"tags":[16],"class_list":["post-4525","post","type-post","status-publish","format-standard","has-post-thumbnail","hentry","category-ourinhos","category-destaques","category-noticias","tag-ourinhos"],"_links":{"self":[{"href":"https:\/\/noticiasregionais.com.br\/index.php?rest_route=\/wp\/v2\/posts\/4525","targetHints":{"allow":["GET"]}}],"collection":[{"href":"https:\/\/noticiasregionais.com.br\/index.php?rest_route=\/wp\/v2\/posts"}],"about":[{"href":"https:\/\/noticiasregionais.com.br\/index.php?rest_route=\/wp\/v2\/types\/post"}],"author":[{"embeddable":true,"href":"https:\/\/noticiasregionais.com.br\/index.php?rest_route=\/wp\/v2\/users\/1"}],"replies":[{"embeddable":true,"href":"https:\/\/noticiasregionais.com.br\/index.php?rest_route=%2Fwp%2Fv2%2Fcomments&post=4525"}],"version-history":[{"count":1,"href":"https:\/\/noticiasregionais.com.br\/index.php?rest_route=\/wp\/v2\/posts\/4525\/revisions"}],"predecessor-version":[{"id":4527,"href":"https:\/\/noticiasregionais.com.br\/index.php?rest_route=\/wp\/v2\/posts\/4525\/revisions\/4527"}],"wp:featuredmedia":[{"embeddable":true,"href":"https:\/\/noticiasregionais.com.br\/index.php?rest_route=\/wp\/v2\/media\/4526"}],"wp:attachment":[{"href":"https:\/\/noticiasregionais.com.br\/index.php?rest_route=%2Fwp%2Fv2%2Fmedia&parent=4525"}],"wp:term":[{"taxonomy":"category","embeddable":true,"href":"https:\/\/noticiasregionais.com.br\/index.php?rest_route=%2Fwp%2Fv2%2Fcategories&post=4525"},{"taxonomy":"post_tag","embeddable":true,"href":"https:\/\/noticiasregionais.com.br\/index.php?rest_route=%2Fwp%2Fv2%2Ftags&post=4525"}],"curies":[{"name":"wp","href":"https:\/\/api.w.org\/{rel}","templated":true}]}}