{"id":4528,"date":"2025-02-23T09:22:58","date_gmt":"2025-02-23T12:22:58","guid":{"rendered":"https:\/\/noticiasregionais.com.br\/?p=4528"},"modified":"2025-02-23T09:23:01","modified_gmt":"2025-02-23T12:23:01","slug":"policia-militar-captura-foragido-da-justica-em-macatuba","status":"publish","type":"post","link":"https:\/\/noticiasregionais.com.br\/?p=4528","title":{"rendered":"Pol\u00edcia Militar captura foragido da Justi\u00e7a em Macatuba"},"content":{"rendered":"\n<p>Na manh\u00e3 desta sexta-feira (21), a Cavalaria do 13\u00b0 BAEP da Pol\u00edcia Militar realizou a pris\u00e3o de um homem procurado pela Justi\u00e7a durante um patrulhamento de a\u00e7\u00f5es especiais na cidade de Macatuba, interior de S\u00e3o Paulo.<\/p>\n\n\n\n<h2 class=\"wp-block-heading\">Abordagem e pris\u00e3o<\/h2>\n\n\n\n<p>Por volta das 10h20, os policiais avistaram o indiv\u00edduo em via p\u00fablica na Rua Alexandrino Goes Maciel. Durante a abordagem, foi feita uma busca pessoal, mas nenhum objeto il\u00edcito foi encontrado. No entanto, ao consultar os dados no sistema, os agentes constataram que havia um Mandado de Pris\u00e3o em aberto contra ele.<\/p>\n\n\n\n<h2 class=\"wp-block-heading\">Crime e encaminhamento<\/h2>\n\n\n\n<p>O homem era procurado por crime previsto no Artigo 217-A do C\u00f3digo Penal (estupro), conforme estabelecido pela Lei 2.848. Diante da situa\u00e7\u00e3o, ele foi imediatamente conduzido \u00e0 Delegacia de Pol\u00edcia de Macatuba. A autoridade de plant\u00e3o ratificou a pris\u00e3o, mantendo o detido \u00e0 disposi\u00e7\u00e3o da Justi\u00e7a.<\/p>\n\n\n\n<h2 class=\"wp-block-heading\">Atua\u00e7\u00e3o da Cavalaria do 13\u00b0 BAEP<\/h2>\n\n\n\n<p>A a\u00e7\u00e3o da Cavalaria do 13\u00b0 BAEP refor\u00e7a a import\u00e2ncia do policiamento ostensivo e das abordagens estrat\u00e9gicas para a captura de indiv\u00edduos foragidos. A Pol\u00edcia Militar segue intensificando opera\u00e7\u00f5es na regi\u00e3o para garantir mais seguran\u00e7a \u00e0 popula\u00e7\u00e3o.<\/p>\n<input type=\"hidden\" id=\"baseurl\" value=\"https:\/\/noticiasregionais.com.br\"><input type=\"hidden\" id=\"audio_nonce\" value=\"533fbb67b1\">","protected":false},"excerpt":{"rendered":"<p>Na manh\u00e3 desta sexta-feira (21), a Cavalaria do 13\u00b0 BAEP da Pol\u00edcia Militar realizou a pris\u00e3o de um homem procurado&hellip;<\/p>\n","protected":false},"author":1,"featured_media":4529,"comment_status":"closed","ping_status":"open","sticky":false,"template":"","format":"standard","meta":{"sfsi_plus_gutenberg_text_before_share":"","sfsi_plus_gutenberg_show_text_before_share":"","sfsi_plus_gutenberg_icon_type":"","sfsi_plus_gutenberg_icon_alignemt":"","sfsi_plus_gutenburg_max_per_row":"","footnotes":""},"categories":[10,1,6],"tags":[21],"class_list":["post-4528","post","type-post","status-publish","format-standard","has-post-thumbnail","hentry","category-destaques","category-noticias","category-sao_paulo","tag-macatuba"],"_links":{"self":[{"href":"https:\/\/noticiasregionais.com.br\/index.php?rest_route=\/wp\/v2\/posts\/4528","targetHints":{"allow":["GET"]}}],"collection":[{"href":"https:\/\/noticiasregionais.com.br\/index.php?rest_route=\/wp\/v2\/posts"}],"about":[{"href":"https:\/\/noticiasregionais.com.br\/index.php?rest_route=\/wp\/v2\/types\/post"}],"author":[{"embeddable":true,"href":"https:\/\/noticiasregionais.com.br\/index.php?rest_route=\/wp\/v2\/users\/1"}],"replies":[{"embeddable":true,"href":"https:\/\/noticiasregionais.com.br\/index.php?rest_route=%2Fwp%2Fv2%2Fcomments&post=4528"}],"version-history":[{"count":1,"href":"https:\/\/noticiasregionais.com.br\/index.php?rest_route=\/wp\/v2\/posts\/4528\/revisions"}],"predecessor-version":[{"id":4530,"href":"https:\/\/noticiasregionais.com.br\/index.php?rest_route=\/wp\/v2\/posts\/4528\/revisions\/4530"}],"wp:featuredmedia":[{"embeddable":true,"href":"https:\/\/noticiasregionais.com.br\/index.php?rest_route=\/wp\/v2\/media\/4529"}],"wp:attachment":[{"href":"https:\/\/noticiasregionais.com.br\/index.php?rest_route=%2Fwp%2Fv2%2Fmedia&parent=4528"}],"wp:term":[{"taxonomy":"category","embeddable":true,"href":"https:\/\/noticiasregionais.com.br\/index.php?rest_route=%2Fwp%2Fv2%2Fcategories&post=4528"},{"taxonomy":"post_tag","embeddable":true,"href":"https:\/\/noticiasregionais.com.br\/index.php?rest_route=%2Fwp%2Fv2%2Ftags&post=4528"}],"curies":[{"name":"wp","href":"https:\/\/api.w.org\/{rel}","templated":true}]}}