{"id":4531,"date":"2025-02-23T09:33:02","date_gmt":"2025-02-23T12:33:02","guid":{"rendered":"https:\/\/noticiasregionais.com.br\/?p=4531"},"modified":"2025-02-23T09:33:13","modified_gmt":"2025-02-23T12:33:13","slug":"policia-militar-intensifica-seguranca-com-operacao-forca-total-brasil-xii","status":"publish","type":"post","link":"https:\/\/noticiasregionais.com.br\/?p=4531","title":{"rendered":"Pol\u00edcia Militar intensifica seguran\u00e7a com Opera\u00e7\u00e3o For\u00e7a Total Brasil XII"},"content":{"rendered":"\n<p>Na tarde desta quinta-feira (20), foi iniciada mais uma fase da &#8220;Opera\u00e7\u00e3o For\u00e7a Total Brasil XII&#8221;. A iniciativa ocorre em todo o pa\u00eds sob a coordena\u00e7\u00e3o do Conselho Nacional de Comandantes-Gerais das Pol\u00edcias Militares, com o objetivo de refor\u00e7ar a atua\u00e7\u00e3o das for\u00e7as policiais e ampliar a seguran\u00e7a p\u00fablica em territ\u00f3rio nacional.<\/p>\n\n\n\n<h2 class=\"wp-block-heading\">Refor\u00e7o no policiamento<\/h2>\n\n\n\n<p>No \u00e2mbito do 2\u00ba BPM, diversas estrat\u00e9gias ser\u00e3o empregadas para intensificar o policiamento ostensivo. As a\u00e7\u00f5es incluem patrulhamentos, bloqueios de tr\u00e2nsito e t\u00e1ticos, satura\u00e7\u00e3o de \u00e1reas estrat\u00e9gicas, abordagens policiais e fiscaliza\u00e7\u00f5es de ve\u00edculos e pedestres. Os esfor\u00e7os ser\u00e3o concentrados em rodovias, estradas rurais, vias urbanas, regi\u00f5es de grande circula\u00e7\u00e3o e centros comerciais.<\/p>\n\n\n\n<h2 class=\"wp-block-heading\">Preven\u00e7\u00e3o e combate ao crime<\/h2>\n\n\n\n<p>A opera\u00e7\u00e3o busca fortalecer a presen\u00e7a da Pol\u00edcia Militar, inibindo e prevenindo a ocorr\u00eancia de delitos de diversas naturezas. A a\u00e7\u00e3o visa proporcionar maior seguran\u00e7a \u00e0 popula\u00e7\u00e3o, assegurando um ambiente mais protegido para os cidad\u00e3os.<\/p>\n\n\n\n<h2 class=\"wp-block-heading\">A\u00e7\u00f5es em Jacarezinho\/PR<\/h2>\n\n\n\n<p>Na sede do 2\u00ba BPM, em Jacarezinho\/PR, foram realizadas diversas barreiras nas vias, fiscaliza\u00e7\u00e3o com o uso de etil\u00f4metros, al\u00e9m de abordagens e opera\u00e7\u00f5es de satura\u00e7\u00e3o em \u00e1reas com altos \u00edndices criminais. As medidas tamb\u00e9m fazem parte das a\u00e7\u00f5es preventivas para o per\u00edodo pr\u00e9-carnaval, garantindo maior tranquilidade aos moradores e visitantes.<\/p>\n<input type=\"hidden\" id=\"baseurl\" value=\"https:\/\/noticiasregionais.com.br\"><input type=\"hidden\" id=\"audio_nonce\" value=\"5c13e0637f\">","protected":false},"excerpt":{"rendered":"<p>Na tarde desta quinta-feira (20), foi iniciada mais uma fase da &#8220;Opera\u00e7\u00e3o For\u00e7a Total Brasil XII&#8221;. A iniciativa ocorre em&hellip;<\/p>\n","protected":false},"author":1,"featured_media":4532,"comment_status":"closed","ping_status":"open","sticky":false,"template":"","format":"standard","meta":{"sfsi_plus_gutenberg_text_before_share":"","sfsi_plus_gutenberg_show_text_before_share":"","sfsi_plus_gutenberg_icon_type":"","sfsi_plus_gutenberg_icon_alignemt":"","sfsi_plus_gutenburg_max_per_row":"","footnotes":""},"categories":[7,10,1],"tags":[18],"class_list":["post-4531","post","type-post","status-publish","format-standard","has-post-thumbnail","hentry","category-parana","category-destaques","category-noticias","tag-jacarezinho"],"_links":{"self":[{"href":"https:\/\/noticiasregionais.com.br\/index.php?rest_route=\/wp\/v2\/posts\/4531","targetHints":{"allow":["GET"]}}],"collection":[{"href":"https:\/\/noticiasregionais.com.br\/index.php?rest_route=\/wp\/v2\/posts"}],"about":[{"href":"https:\/\/noticiasregionais.com.br\/index.php?rest_route=\/wp\/v2\/types\/post"}],"author":[{"embeddable":true,"href":"https:\/\/noticiasregionais.com.br\/index.php?rest_route=\/wp\/v2\/users\/1"}],"replies":[{"embeddable":true,"href":"https:\/\/noticiasregionais.com.br\/index.php?rest_route=%2Fwp%2Fv2%2Fcomments&post=4531"}],"version-history":[{"count":1,"href":"https:\/\/noticiasregionais.com.br\/index.php?rest_route=\/wp\/v2\/posts\/4531\/revisions"}],"predecessor-version":[{"id":4533,"href":"https:\/\/noticiasregionais.com.br\/index.php?rest_route=\/wp\/v2\/posts\/4531\/revisions\/4533"}],"wp:featuredmedia":[{"embeddable":true,"href":"https:\/\/noticiasregionais.com.br\/index.php?rest_route=\/wp\/v2\/media\/4532"}],"wp:attachment":[{"href":"https:\/\/noticiasregionais.com.br\/index.php?rest_route=%2Fwp%2Fv2%2Fmedia&parent=4531"}],"wp:term":[{"taxonomy":"category","embeddable":true,"href":"https:\/\/noticiasregionais.com.br\/index.php?rest_route=%2Fwp%2Fv2%2Fcategories&post=4531"},{"taxonomy":"post_tag","embeddable":true,"href":"https:\/\/noticiasregionais.com.br\/index.php?rest_route=%2Fwp%2Fv2%2Ftags&post=4531"}],"curies":[{"name":"wp","href":"https:\/\/api.w.org\/{rel}","templated":true}]}}