{"id":4534,"date":"2025-02-23T11:14:00","date_gmt":"2025-02-23T14:14:00","guid":{"rendered":"https:\/\/noticiasregionais.com.br\/?p=4534"},"modified":"2025-02-23T11:14:03","modified_gmt":"2025-02-23T14:14:03","slug":"traficante-e-preso-com-94kg-de-maconha-em-paraguacu-paulista-sp-operacao-impacto","status":"publish","type":"post","link":"https:\/\/noticiasregionais.com.br\/?p=4534","title":{"rendered":"Traficante \u00e9 preso com 94kg de Maconha em Paragua\u00e7u Paulista (SP): Opera\u00e7\u00e3o Impacto"},"content":{"rendered":"\n<p class=\"has-text-align-center\"><strong>Em uma opera\u00e7\u00e3o decisiva contra o tr\u00e1fico, policiais rodovi\u00e1rios apreendem quase 100 kg de maconha e prendem traficante na SP-421, em Paragua\u00e7u Paulista, durante a &#8216;Opera\u00e7\u00e3o Impacto&#8217;<\/strong><\/p>\n\n\n\n<p>Na manh\u00e3 de hoje, 22 de fevereiro de 2025, por volta das 08h40, durante a &#8220;Opera\u00e7\u00e3o Impacto&#8221;, policiais militares rodovi\u00e1rios e agentes da Pol\u00edcia Rodovi\u00e1ria Federal (PRF) abordaram um ve\u00edculo Peugeot 206 para fiscaliza\u00e7\u00e3o de rotina. Ao realizar a vistoria, ent\u00e3o, encontraram 109 tabletes de maconha escondidos em sacos de ra\u00e7\u00e3o para c\u00e3es, totalizando 94,710 kg da droga. Al\u00e9m disso, a maconha estava acondicionada no banco traseiro e no porta-malas do ve\u00edculo.<\/p>\n\n\n\n<p>Consequentemente, a droga apreendida tem valor estimado de R$ 143.000,00 (cento e quarenta e tr\u00eas mil reais), representando um duro golpe contra o tr\u00e1fico de drogas na regi\u00e3o.<\/p>\n\n\n\n<p>Posteriormente, os policiais apresentaram a ocorr\u00eancia na Central de Pol\u00edcia Judici\u00e1ria (CPJ) de Assis. Onde autuaram o traficante em flagrante por tr\u00e1fico de drogas. Assim, apreenderam o ve\u00edculo e a droga. O criminoso permanece \u00e0 disposi\u00e7\u00e3o da Justi\u00e7a.<\/p>\n\n\n\n<p><strong>Detalhes da Opera\u00e7\u00e3o<\/strong><\/p>\n\n\n\n<ul class=\"wp-block-list\">\n<li>Data\/Hora: 22\/02\/2025 &#8211; 08h40<\/li>\n\n\n\n<li>Local: SP-421 &#8211; Rodovia Vereador Miguel Deliberador, km 072,000 &#8211; Paragua\u00e7u Paulista\/SP<\/li>\n\n\n\n<li>Droga Apreendida: 94,710 kg de maconha (109 tabletes)<\/li>\n\n\n\n<li>Valor Estimado: R$ 143.000,00<\/li>\n\n\n\n<li>Ve\u00edculo Apreendido: Peugeot 206<\/li>\n\n\n\n<li>Pris\u00e3o: Traficante preso em flagrante<\/li>\n<\/ul>\n\n\n\n<p><strong>Impacto na Seguran\u00e7a P\u00fablica<\/strong><\/p>\n\n\n\n<p>Decerto, a a\u00e7\u00e3o conjunta da Pol\u00edcia Militar Rodovi\u00e1ria e da PRF demonstra o compromisso das for\u00e7as de seguran\u00e7a com o combate ao tr\u00e1fico de drogas e com a seguran\u00e7a da popula\u00e7\u00e3o nas rodovias paulistas. De fato, a apreens\u00e3o da droga e a pris\u00e3o do traficante representam um passo importante para reduzir a criminalidade na regi\u00e3o.<\/p>\n<input type=\"hidden\" id=\"baseurl\" value=\"https:\/\/noticiasregionais.com.br\"><input type=\"hidden\" id=\"audio_nonce\" value=\"3cdc555a10\">","protected":false},"excerpt":{"rendered":"<p>Em uma opera\u00e7\u00e3o decisiva contra o tr\u00e1fico, policiais rodovi\u00e1rios apreendem quase 100 kg de maconha e prendem traficante na SP-421, em Paragua\u00e7u Paulista, durante a &#8216;Opera\u00e7\u00e3o Impacto&#8217;<\/p>\n","protected":false},"author":1,"featured_media":4535,"comment_status":"closed","ping_status":"open","sticky":false,"template":"","format":"standard","meta":{"sfsi_plus_gutenberg_text_before_share":"","sfsi_plus_gutenberg_show_text_before_share":"","sfsi_plus_gutenberg_icon_type":"","sfsi_plus_gutenberg_icon_alignemt":"","sfsi_plus_gutenburg_max_per_row":"","footnotes":""},"categories":[12,1,6],"tags":[22],"class_list":["post-4534","post","type-post","status-publish","format-standard","has-post-thumbnail","hentry","category-capa","category-noticias","category-sao_paulo","tag-paraguacu_paulista"],"_links":{"self":[{"href":"https:\/\/noticiasregionais.com.br\/index.php?rest_route=\/wp\/v2\/posts\/4534","targetHints":{"allow":["GET"]}}],"collection":[{"href":"https:\/\/noticiasregionais.com.br\/index.php?rest_route=\/wp\/v2\/posts"}],"about":[{"href":"https:\/\/noticiasregionais.com.br\/index.php?rest_route=\/wp\/v2\/types\/post"}],"author":[{"embeddable":true,"href":"https:\/\/noticiasregionais.com.br\/index.php?rest_route=\/wp\/v2\/users\/1"}],"replies":[{"embeddable":true,"href":"https:\/\/noticiasregionais.com.br\/index.php?rest_route=%2Fwp%2Fv2%2Fcomments&post=4534"}],"version-history":[{"count":1,"href":"https:\/\/noticiasregionais.com.br\/index.php?rest_route=\/wp\/v2\/posts\/4534\/revisions"}],"predecessor-version":[{"id":4536,"href":"https:\/\/noticiasregionais.com.br\/index.php?rest_route=\/wp\/v2\/posts\/4534\/revisions\/4536"}],"wp:featuredmedia":[{"embeddable":true,"href":"https:\/\/noticiasregionais.com.br\/index.php?rest_route=\/wp\/v2\/media\/4535"}],"wp:attachment":[{"href":"https:\/\/noticiasregionais.com.br\/index.php?rest_route=%2Fwp%2Fv2%2Fmedia&parent=4534"}],"wp:term":[{"taxonomy":"category","embeddable":true,"href":"https:\/\/noticiasregionais.com.br\/index.php?rest_route=%2Fwp%2Fv2%2Fcategories&post=4534"},{"taxonomy":"post_tag","embeddable":true,"href":"https:\/\/noticiasregionais.com.br\/index.php?rest_route=%2Fwp%2Fv2%2Ftags&post=4534"}],"curies":[{"name":"wp","href":"https:\/\/api.w.org\/{rel}","templated":true}]}}