{"id":4537,"date":"2025-02-24T12:32:42","date_gmt":"2025-02-24T15:32:42","guid":{"rendered":"https:\/\/noticiasregionais.com.br\/?p=4537"},"modified":"2025-02-24T12:34:50","modified_gmt":"2025-02-24T15:34:50","slug":"camara-municipal-de-ourinhos-pode-criar-comissoes-para-investigar-obras-e-contratos-da-gestao-pocay","status":"publish","type":"post","link":"https:\/\/noticiasregionais.com.br\/?p=4537","title":{"rendered":"C\u00e2mara municipal de Ourinhos pode criar comiss\u00f5es para investigar obras e contratos da Gest\u00e3o Pocay"},"content":{"rendered":"\n<p>A C\u00e2mara Municipal de Ourinhos votar\u00e1 na noite de hoje, <strong>24 de fevereiro<\/strong>, a cria\u00e7\u00e3o de duas Comiss\u00f5es de Assuntos Relevantes para investigar irregularidades em obras e contratos firmados pela Prefeitura. Os projetos de resolu\u00e7\u00e3o foram apresentados por diferentes grupos de vereadores e visam garantir transpar\u00eancia e fiscaliza\u00e7\u00e3o dos recursos p\u00fablicos.<\/p>\n\n\n\n<h3 class=\"wp-block-heading\">Investiga\u00e7\u00e3o sobre o Pagamento de Obras no Parque do Centen\u00e1rio<\/h3>\n\n\n\n<p>O <strong>Projeto de Resolu\u00e7\u00e3o N\u00ba 4\/2025<\/strong>, de autoria dos vereadores <strong>Jo\u00e3o Vitor Gon\u00e7alves da Silva (JO\u00c3O GON\u00c7ALVES), Wesley Carlos da Silva (WESLEY CARLOS), Manoel Jos\u00e9 Filho (CELINHO CABELEIREIRO), Edvaldo L\u00facio Abel (VADINHO) e Giovanni Gomes de Carvalho (GIL CARVALHO)<\/strong>, prop\u00f5e a cria\u00e7\u00e3o de uma comiss\u00e3o para apurar e investigar os fatos relacionados ao pagamento de servi\u00e7os das obras no Parque do Centen\u00e1rio.<\/p>\n\n\n\n<p>O valor de <strong>R$ 1.145.293,43<\/strong>, referente \u00e0 <strong>Nota Fiscal Eletr\u00f4nica de Servi\u00e7os n\u00ba 000002<\/strong>, foi pago no dia <strong>3 de outubro de 2024<\/strong> sem a devida assinatura do Secret\u00e1rio Municipal de Obras, que tamb\u00e9m \u00e9 o Ordenador de Despesas. A aus\u00eancia dessa assinatura levanta questionamentos sobre a legalidade do pagamento e a regularidade da execu\u00e7\u00e3o do servi\u00e7o.<\/p>\n\n\n\n<h3 class=\"wp-block-heading\">Fiscaliza\u00e7\u00e3o do Contrato de Recapeamento Asf\u00e1ltico<\/h3>\n\n\n\n<p>O <strong>Projeto de Resolu\u00e7\u00e3o N\u00ba 5\/2025<\/strong>, de autoria dos vereadores <strong>Ederson Aparecido Machado (KITA), Fernando Rosini (FURNA BECO DA BOLA), \u00c9der J\u00falio Mota (\u00c9DER MOTA), Alexandre Florencio Dias (ENFERMEIRO ALEXANDRE) e Santiago de Lucas Angelo (SANTIAGO)<\/strong>, prop\u00f5e a cria\u00e7\u00e3o de uma comiss\u00e3o para investigar e acompanhar a execu\u00e7\u00e3o do <strong>Termo de Contrato n\u00ba 117\/2024<\/strong>, firmado entre a Prefeitura de Ourinhos e a empresa <strong>Potenza Engenharia e Constru\u00e7\u00f5es LTDA<\/strong>.<\/p>\n\n\n\n<p>O contrato, assinado no dia <strong>2 de outubro de 2024<\/strong>, tem um valor de <strong>R$ 59.000.000,00<\/strong> (cinquenta e nove milh\u00f5es de reais) e visa a <strong>contrata\u00e7\u00e3o de empresa especializada em execu\u00e7\u00e3o de obras e servi\u00e7os de engenharia para recapeamento asf\u00e1ltico em CBUQ (Concreto Betuminoso Usinado a Quente) do vi\u00e1rio municipal de Ourinhos-SP<\/strong>, incluindo o fornecimento de m\u00e3o de obra, equipamentos e insumos.<\/p>\n\n\n\n<p>A comiss\u00e3o buscar\u00e1 avaliar a regularidade do contrato, a qualidade dos servi\u00e7os prestados e se o montante investido condiz com os benef\u00edcios esperados para a popula\u00e7\u00e3o.<\/p>\n\n\n\n<h3 class=\"wp-block-heading\">Transpar\u00eancia e Fiscaliza\u00e7\u00e3o<\/h3>\n\n\n\n<p>Caso aprovadas, essas comiss\u00f5es refor\u00e7ar\u00e3o o papel fiscalizador da C\u00e2mara Municipal, garantindo que os recursos p\u00fablicos sejam aplicados de forma transparente e eficiente. As investiga\u00e7\u00f5es devem trazer esclarecimentos sobre eventuais irregularidades e garantir que os servi\u00e7os prestados atendam \u00e0s necessidades da comunidade.<\/p>\n\n\n\n<p>Os pr\u00f3ximos passos incluir\u00e3o a defini\u00e7\u00e3o dos membros de cada comiss\u00e3o e a coleta de documentos e depoimentos para embasar as apura\u00e7\u00f5es.<\/p>\n<input type=\"hidden\" id=\"baseurl\" value=\"https:\/\/noticiasregionais.com.br\"><input type=\"hidden\" id=\"audio_nonce\" value=\"533fbb67b1\">","protected":false},"excerpt":{"rendered":"<p>A C\u00e2mara Municipal de Ourinhos votar\u00e1 na noite de hoje, 24 de fevereiro, a cria\u00e7\u00e3o de duas Comiss\u00f5es de Assuntos&hellip;<\/p>\n","protected":false},"author":1,"featured_media":4538,"comment_status":"closed","ping_status":"open","sticky":false,"template":"","format":"standard","meta":{"sfsi_plus_gutenberg_text_before_share":"","sfsi_plus_gutenberg_show_text_before_share":"","sfsi_plus_gutenberg_icon_type":"","sfsi_plus_gutenberg_icon_alignemt":"","sfsi_plus_gutenburg_max_per_row":"","footnotes":""},"categories":[5,12,1],"tags":[16],"class_list":["post-4537","post","type-post","status-publish","format-standard","has-post-thumbnail","hentry","category-ourinhos","category-capa","category-noticias","tag-ourinhos"],"_links":{"self":[{"href":"https:\/\/noticiasregionais.com.br\/index.php?rest_route=\/wp\/v2\/posts\/4537","targetHints":{"allow":["GET"]}}],"collection":[{"href":"https:\/\/noticiasregionais.com.br\/index.php?rest_route=\/wp\/v2\/posts"}],"about":[{"href":"https:\/\/noticiasregionais.com.br\/index.php?rest_route=\/wp\/v2\/types\/post"}],"author":[{"embeddable":true,"href":"https:\/\/noticiasregionais.com.br\/index.php?rest_route=\/wp\/v2\/users\/1"}],"replies":[{"embeddable":true,"href":"https:\/\/noticiasregionais.com.br\/index.php?rest_route=%2Fwp%2Fv2%2Fcomments&post=4537"}],"version-history":[{"count":1,"href":"https:\/\/noticiasregionais.com.br\/index.php?rest_route=\/wp\/v2\/posts\/4537\/revisions"}],"predecessor-version":[{"id":4539,"href":"https:\/\/noticiasregionais.com.br\/index.php?rest_route=\/wp\/v2\/posts\/4537\/revisions\/4539"}],"wp:featuredmedia":[{"embeddable":true,"href":"https:\/\/noticiasregionais.com.br\/index.php?rest_route=\/wp\/v2\/media\/4538"}],"wp:attachment":[{"href":"https:\/\/noticiasregionais.com.br\/index.php?rest_route=%2Fwp%2Fv2%2Fmedia&parent=4537"}],"wp:term":[{"taxonomy":"category","embeddable":true,"href":"https:\/\/noticiasregionais.com.br\/index.php?rest_route=%2Fwp%2Fv2%2Fcategories&post=4537"},{"taxonomy":"post_tag","embeddable":true,"href":"https:\/\/noticiasregionais.com.br\/index.php?rest_route=%2Fwp%2Fv2%2Ftags&post=4537"}],"curies":[{"name":"wp","href":"https:\/\/api.w.org\/{rel}","templated":true}]}}