{"id":4540,"date":"2025-02-24T12:55:22","date_gmt":"2025-02-24T15:55:22","guid":{"rendered":"https:\/\/noticiasregionais.com.br\/?p=4540"},"modified":"2025-02-24T12:59:53","modified_gmt":"2025-02-24T15:59:53","slug":"prefeito-mario-rosa-assume-cargo-de-destaque-no-comite-de-bacias-hidrograficas-do-medio-paranapanema","status":"publish","type":"post","link":"https:\/\/noticiasregionais.com.br\/?p=4540","title":{"rendered":"Prefeito M\u00e1rio Rosa assume cargo de destaque no Comit\u00ea de Bacias Hidrogr\u00e1ficas do M\u00e9dio Paranapanema"},"content":{"rendered":"\n<p>Salto Grande comemora uma grande conquista para o munic\u00edpio! No dia <strong>24 de fevereiro de 2025<\/strong>, o <strong>Prefeito M\u00e1rio Rosa<\/strong> foi eleito como <strong>representante titular da banca municipal<\/strong> no <strong>Comit\u00ea de Bacias Hidrogr\u00e1ficas do M\u00e9dio Paranapanema<\/strong>. Al\u00e9m disso, sua atua\u00e7\u00e3o e compromisso com a gest\u00e3o sustent\u00e1vel dos recursos h\u00eddricos o levaram a ser escolhido, por aclama\u00e7\u00e3o un\u00e2nime, para representar a cidade tamb\u00e9m no <strong>Comit\u00ea Estadual de Bacias Hidrogr\u00e1ficas<\/strong>.<\/p>\n\n\n\n<p>Essa nomea\u00e7\u00e3o reafirma o empenho da atual administra\u00e7\u00e3o na <strong>preserva\u00e7\u00e3o ambiental<\/strong> e no uso respons\u00e1vel da \u00e1gua, garantindo que Salto Grande tenha voz ativa nas decis\u00f5es que impactam o meio ambiente e o futuro dos recursos h\u00eddricos da regi\u00e3o.<\/p>\n\n\n\n<p>Parab\u00e9ns ao Prefeito M\u00e1rio Rosa por mais essa conquista, fruto de seu trabalho incans\u00e1vel em prol da sustentabilidade e do desenvolvimento respons\u00e1vel da nossa cidade! \ud83d\udc99\ud83c\udf31<\/p>\n\n\n\n<p>#SaltoGrande #Gest\u00e3oH\u00eddrica #MeioAmbiente #Sustentabilidade #\u00c1gua\u00e9Vida #CompromissoAmbiental<\/p>\n\n\n<div class=\"wp-block-image\">\n<figure class=\"aligncenter size-large\"><img decoding=\"async\" width=\"1024\" height=\"576\" src=\"https:\/\/noticiasregionais.com.br\/wp-content\/uploads\/2025\/02\/WhatsApp-Image-2025-02-24-at-12.03.27-1024x576.jpeg\" alt=\"\" class=\"wp-image-4541\" srcset=\"https:\/\/noticiasregionais.com.br\/wp-content\/uploads\/2025\/02\/WhatsApp-Image-2025-02-24-at-12.03.27-1024x576.jpeg 1024w, https:\/\/noticiasregionais.com.br\/wp-content\/uploads\/2025\/02\/WhatsApp-Image-2025-02-24-at-12.03.27-300x169.jpeg 300w, https:\/\/noticiasregionais.com.br\/wp-content\/uploads\/2025\/02\/WhatsApp-Image-2025-02-24-at-12.03.27-768x432.jpeg 768w, https:\/\/noticiasregionais.com.br\/wp-content\/uploads\/2025\/02\/WhatsApp-Image-2025-02-24-at-12.03.27-1536x864.jpeg 1536w, https:\/\/noticiasregionais.com.br\/wp-content\/uploads\/2025\/02\/WhatsApp-Image-2025-02-24-at-12.03.27.jpeg 1600w\" sizes=\"(max-width: 1024px) 100vw, 1024px\" \/><\/figure>\n<\/div><input type=\"hidden\" id=\"baseurl\" value=\"https:\/\/noticiasregionais.com.br\"><input type=\"hidden\" id=\"audio_nonce\" value=\"533fbb67b1\">","protected":false},"excerpt":{"rendered":"<p>Salto Grande comemora uma grande conquista para o munic\u00edpio! No dia 24 de fevereiro de 2025, o Prefeito M\u00e1rio Rosa&hellip;<\/p>\n","protected":false},"author":1,"featured_media":4545,"comment_status":"closed","ping_status":"open","sticky":false,"template":"","format":"standard","meta":{"sfsi_plus_gutenberg_text_before_share":"","sfsi_plus_gutenberg_show_text_before_share":"","sfsi_plus_gutenberg_icon_type":"","sfsi_plus_gutenberg_icon_alignemt":"","sfsi_plus_gutenburg_max_per_row":"","footnotes":""},"categories":[1,10,6],"tags":[15],"class_list":["post-4540","post","type-post","status-publish","format-standard","has-post-thumbnail","hentry","category-noticias","category-destaques","category-sao_paulo","tag-salto_grande"],"_links":{"self":[{"href":"https:\/\/noticiasregionais.com.br\/index.php?rest_route=\/wp\/v2\/posts\/4540","targetHints":{"allow":["GET"]}}],"collection":[{"href":"https:\/\/noticiasregionais.com.br\/index.php?rest_route=\/wp\/v2\/posts"}],"about":[{"href":"https:\/\/noticiasregionais.com.br\/index.php?rest_route=\/wp\/v2\/types\/post"}],"author":[{"embeddable":true,"href":"https:\/\/noticiasregionais.com.br\/index.php?rest_route=\/wp\/v2\/users\/1"}],"replies":[{"embeddable":true,"href":"https:\/\/noticiasregionais.com.br\/index.php?rest_route=%2Fwp%2Fv2%2Fcomments&post=4540"}],"version-history":[{"count":2,"href":"https:\/\/noticiasregionais.com.br\/index.php?rest_route=\/wp\/v2\/posts\/4540\/revisions"}],"predecessor-version":[{"id":4548,"href":"https:\/\/noticiasregionais.com.br\/index.php?rest_route=\/wp\/v2\/posts\/4540\/revisions\/4548"}],"wp:featuredmedia":[{"embeddable":true,"href":"https:\/\/noticiasregionais.com.br\/index.php?rest_route=\/wp\/v2\/media\/4545"}],"wp:attachment":[{"href":"https:\/\/noticiasregionais.com.br\/index.php?rest_route=%2Fwp%2Fv2%2Fmedia&parent=4540"}],"wp:term":[{"taxonomy":"category","embeddable":true,"href":"https:\/\/noticiasregionais.com.br\/index.php?rest_route=%2Fwp%2Fv2%2Fcategories&post=4540"},{"taxonomy":"post_tag","embeddable":true,"href":"https:\/\/noticiasregionais.com.br\/index.php?rest_route=%2Fwp%2Fv2%2Ftags&post=4540"}],"curies":[{"name":"wp","href":"https:\/\/api.w.org\/{rel}","templated":true}]}}