{"id":457,"date":"2023-09-19T10:16:22","date_gmt":"2023-09-19T13:16:22","guid":{"rendered":"https:\/\/noticiasregionais.com.br\/?p=457"},"modified":"2023-09-19T10:16:23","modified_gmt":"2023-09-19T13:16:23","slug":"previsivel-vereadores-acatam-veto-de-pocay-ao-aumento-dos-proprios-salarios","status":"publish","type":"post","link":"https:\/\/noticiasregionais.com.br\/?p=457","title":{"rendered":"Previs\u00edvel: Vereadores acatam veto de Pocay ao aumento dos pr\u00f3prios sal\u00e1rios"},"content":{"rendered":"\n<p>Na noite de ontem, 18, os vereadores de Ourinhos, em vota\u00e7\u00e3o secreta, decidiram pela manuten\u00e7\u00e3o do veto do prefeito Lucas Pocay (PSD) ao aumento salarial de 52% para eles pr\u00f3prios. Segundo a assessoria da C\u00e2mara o prazo para aprecia\u00e7\u00e3o do veto havia esgotado no dia 12, mas &#8220;Furna&#8221; presidente da casa, colocou a mat\u00e9ria em vota\u00e7\u00e3o novamente. Os sal\u00e1rios dos vereadores teriam aumento de R$ 8.854,00 para R$ 13.500,00 a partir da pr\u00f3xima legislatura, e eles tamb\u00e9m teriam direito a receber um 13\u00ba sal\u00e1rio caso a lei fosse sancionada.<\/p>\n\n\n\n<p>O aumento salarial foi votado em 17 de julho, de forma apressada, em uma sess\u00e3o extraordin\u00e1ria, antes do recesso legislativo. Apenas o Vereador Guilherme Gon\u00e7alves votou contra, o presidente da casa n\u00e3o votou e 2 vereadores se abstiveram.<\/p>\n\n\n\n<p>O aumento de 52%, \u00e9 considerado pela popula\u00e7\u00e3o uma afronta, tendo em vista os R$18,00 de reajuste concedido pelo Governo Federal aos trabalhadores que recebem apenas o sal\u00e1rio m\u00ednimo. O aumento vultuoso recebeu aval de: Abel Fiel (PSD), Alexandre Florencio Dias (PSD), An\u00edsio Aparecido Felicetti (PP), \u00c9der Mota (MDB), Ederson Aparecido Machado (MDB), Fernando Prado &#8220;Seco&#8221; (PP), Gil Carvalho (PL), Jos\u00e9 Roberto Tasca (MDB), Marcinho Domingos (Uni\u00e3o), Nilce Araujo Garcia (PSD), Valter Do Nascimento &#8220;Latinha&#8221; (PP).<br><\/p>\n\n\n\n<p>Com a decis\u00e3o de manter o veto do prefeito, os vereadores de Ourinhos n\u00e3o ter\u00e3o um aumento de subs\u00eddio em 2025. Analistas pol\u00edticos esperavam pelo posicionamento dos vereadores em favor do veto, tendo em vista a rela\u00e7\u00e3o sempre amistosa dessa base aliada ao executivo. Nada surpresos, esses mesmos analistas comentam que tudo parece fazer parte de uma tentativa de melhorar a imagem do chefe do executivo, tentando passar um ar de independ\u00eancia e austeridade. <\/p>\n\n\n\n<p>O fato \u00e9 que o Legislativo demonstra rotineiramente ser subserviente as vontades de Pocay, aprovando 100% dos projetos por ele enviados para aquela casa, que j\u00e1 recebeu da popula\u00e7\u00e3o o apelido de &#8220;Casa dos Parab\u00e9ns&#8221;, em alus\u00e3o aos in\u00fameros discursos feitos por vereadores da base agradecendo o Executivo por trabalhos rotineiros de qualquer gest\u00e3o como troca de l\u00e2mpadas, tapa buracos, pode de \u00e1rvores e ro\u00e7ada.<\/p>\n<input type=\"hidden\" id=\"baseurl\" value=\"https:\/\/noticiasregionais.com.br\"><input type=\"hidden\" id=\"audio_nonce\" value=\"533fbb67b1\">","protected":false},"excerpt":{"rendered":"<p>Na noite de ontem, 18, os vereadores de Ourinhos, em vota\u00e7\u00e3o secreta, decidiram pela manuten\u00e7\u00e3o do veto do prefeito Lucas&hellip;<\/p>\n","protected":false},"author":1,"featured_media":458,"comment_status":"closed","ping_status":"open","sticky":false,"template":"","format":"standard","meta":{"sfsi_plus_gutenberg_text_before_share":"","sfsi_plus_gutenberg_show_text_before_share":"","sfsi_plus_gutenberg_icon_type":"","sfsi_plus_gutenberg_icon_alignemt":"","sfsi_plus_gutenburg_max_per_row":"","footnotes":""},"categories":[5,12,1],"tags":[],"class_list":["post-457","post","type-post","status-publish","format-standard","has-post-thumbnail","hentry","category-ourinhos","category-capa","category-noticias"],"_links":{"self":[{"href":"https:\/\/noticiasregionais.com.br\/index.php?rest_route=\/wp\/v2\/posts\/457","targetHints":{"allow":["GET"]}}],"collection":[{"href":"https:\/\/noticiasregionais.com.br\/index.php?rest_route=\/wp\/v2\/posts"}],"about":[{"href":"https:\/\/noticiasregionais.com.br\/index.php?rest_route=\/wp\/v2\/types\/post"}],"author":[{"embeddable":true,"href":"https:\/\/noticiasregionais.com.br\/index.php?rest_route=\/wp\/v2\/users\/1"}],"replies":[{"embeddable":true,"href":"https:\/\/noticiasregionais.com.br\/index.php?rest_route=%2Fwp%2Fv2%2Fcomments&post=457"}],"version-history":[{"count":1,"href":"https:\/\/noticiasregionais.com.br\/index.php?rest_route=\/wp\/v2\/posts\/457\/revisions"}],"predecessor-version":[{"id":459,"href":"https:\/\/noticiasregionais.com.br\/index.php?rest_route=\/wp\/v2\/posts\/457\/revisions\/459"}],"wp:featuredmedia":[{"embeddable":true,"href":"https:\/\/noticiasregionais.com.br\/index.php?rest_route=\/wp\/v2\/media\/458"}],"wp:attachment":[{"href":"https:\/\/noticiasregionais.com.br\/index.php?rest_route=%2Fwp%2Fv2%2Fmedia&parent=457"}],"wp:term":[{"taxonomy":"category","embeddable":true,"href":"https:\/\/noticiasregionais.com.br\/index.php?rest_route=%2Fwp%2Fv2%2Fcategories&post=457"},{"taxonomy":"post_tag","embeddable":true,"href":"https:\/\/noticiasregionais.com.br\/index.php?rest_route=%2Fwp%2Fv2%2Ftags&post=457"}],"curies":[{"name":"wp","href":"https:\/\/api.w.org\/{rel}","templated":true}]}}