{"id":4572,"date":"2025-02-24T19:00:38","date_gmt":"2025-02-24T22:00:38","guid":{"rendered":"https:\/\/noticiasregionais.com.br\/?p=4572"},"modified":"2025-02-24T19:00:50","modified_gmt":"2025-02-24T22:00:50","slug":"prf-apreende-384-kg-de-maconha-em-duas-acoes-distintas-no-parana","status":"publish","type":"post","link":"https:\/\/noticiasregionais.com.br\/?p=4572","title":{"rendered":"PRF apreende 384 Kg de maconha em duas a\u00e7\u00f5es distintas no Paran\u00e1"},"content":{"rendered":"\n<p>Na manh\u00e3 desta segunda-feira (24), a Pol\u00edcia Rodovi\u00e1ria Federal (PRF) realizou duas grandes apreens\u00f5es de maconha na BR-369, no Paran\u00e1, totalizando 384 kg da droga. As a\u00e7\u00f5es aconteceram nos munic\u00edpios de Camb\u00e9 e Sertan\u00f3polis, resultando na fuga de um suspeito e na pris\u00e3o de outro.<\/p>\n\n\n\n<h3 class=\"wp-block-heading\"><strong>Persegui\u00e7\u00e3o em Camb\u00e9 termina com apreens\u00e3o de 189 kg de maconha<\/strong><\/h3>\n\n\n\n<p>Por volta das 07h50, no km 167 da BR-369, em Camb\u00e9, agentes da PRF ordenaram a parada de um Hyundai HB20, que desobedeceu e iniciou uma fuga de aproximadamente 9 km. A persegui\u00e7\u00e3o terminou quando o ve\u00edculo colidiu com outro carro. O motorista abandonou o autom\u00f3vel e conseguiu escapar por uma \u00e1rea de mata pr\u00f3xima \u00e0 rodovia.<\/p>\n\n\n\n<p>Dentro do HB20, os policiais encontraram 189 kg de maconha. O carro e a droga foram encaminhados \u00e0 Delegacia de Pol\u00edcia Civil de Camb\u00e9, que seguir\u00e1 com as investiga\u00e7\u00f5es.<\/p>\n\n\n\n<h3 class=\"wp-block-heading\"><strong>Ve\u00edculo com danos no para-choque levanta suspeita e leva \u00e0 apreens\u00e3o de 195 kg de maconha<\/strong><\/h3>\n\n\n\n<p>Quase ao mesmo tempo, outra equipe da PRF patrulhava o km 157 da BR-369 quando notou um Renault Sandero trafegando no sentido oposto com o para-choque dianteiro danificado. O detalhe levantou suspeitas e os policiais decidiram abord\u00e1-lo.<\/p>\n\n\n\n<p>O condutor tentou despistar a fiscaliza\u00e7\u00e3o ao acessar a al\u00e7a do viaduto da PR-445, sentido Assis, mas foi alcan\u00e7ado na Rodovia Celso Garcia Cid, em frente ao posto da Pol\u00edcia Rodovi\u00e1ria Estadual. Durante a inspe\u00e7\u00e3o, os agentes encontraram 195 kg de maconha dentro do carro.<\/p>\n\n\n\n<p>O motorista foi preso em flagrante e encaminhado, junto com a droga e o ve\u00edculo, \u00e0 Delegacia de Pol\u00edcia Civil de Sertan\u00f3polis.<\/p>\n\n\n\n<h3 class=\"wp-block-heading\"><strong>Repress\u00e3o ao tr\u00e1fico de drogas<\/strong><\/h3>\n\n\n\n<p>A PRF segue intensificando o combate ao tr\u00e1fico de drogas nas rodovias federais do Paran\u00e1. As apreens\u00f5es desta manh\u00e3 refor\u00e7am a import\u00e2ncia da fiscaliza\u00e7\u00e3o e do monitoramento constante das estradas, impedindo que grandes carregamentos de entorpecentes cheguem ao destino final.<\/p>\n\n\n\n<p>As investiga\u00e7\u00f5es continuam para identificar os envolvidos e desmantelar poss\u00edveis redes criminosas ligadas ao transporte das drogas apreendidas.<\/p>\n\n\n\n<figure class=\"wp-block-gallery has-nested-images columns-default is-cropped wp-block-gallery-1 is-layout-flex wp-block-gallery-is-layout-flex\">\n<figure class=\"wp-block-image size-large\"><img decoding=\"async\" width=\"1024\" height=\"576\" data-id=\"4575\" src=\"https:\/\/noticiasregionais.com.br\/wp-content\/uploads\/2025\/02\/WhatsApp-Image-2025-02-24-at-15.13.451-1024x576.jpeg\" alt=\"\" class=\"wp-image-4575\" srcset=\"https:\/\/noticiasregionais.com.br\/wp-content\/uploads\/2025\/02\/WhatsApp-Image-2025-02-24-at-15.13.451-1024x576.jpeg 1024w, https:\/\/noticiasregionais.com.br\/wp-content\/uploads\/2025\/02\/WhatsApp-Image-2025-02-24-at-15.13.451-300x169.jpeg 300w, https:\/\/noticiasregionais.com.br\/wp-content\/uploads\/2025\/02\/WhatsApp-Image-2025-02-24-at-15.13.451-768x432.jpeg 768w, https:\/\/noticiasregionais.com.br\/wp-content\/uploads\/2025\/02\/WhatsApp-Image-2025-02-24-at-15.13.451-1536x864.jpeg 1536w, https:\/\/noticiasregionais.com.br\/wp-content\/uploads\/2025\/02\/WhatsApp-Image-2025-02-24-at-15.13.451.jpeg 1599w\" sizes=\"(max-width: 1024px) 100vw, 1024px\" \/><\/figure>\n\n\n\n<figure class=\"wp-block-image size-large\"><img decoding=\"async\" width=\"1024\" height=\"768\" data-id=\"4574\" src=\"https:\/\/noticiasregionais.com.br\/wp-content\/uploads\/2025\/02\/WhatsApp-Image-2025-02-24-at-15.13.45-1024x768.jpeg\" alt=\"\" class=\"wp-image-4574\" srcset=\"https:\/\/noticiasregionais.com.br\/wp-content\/uploads\/2025\/02\/WhatsApp-Image-2025-02-24-at-15.13.45-1024x768.jpeg 1024w, https:\/\/noticiasregionais.com.br\/wp-content\/uploads\/2025\/02\/WhatsApp-Image-2025-02-24-at-15.13.45-300x225.jpeg 300w, https:\/\/noticiasregionais.com.br\/wp-content\/uploads\/2025\/02\/WhatsApp-Image-2025-02-24-at-15.13.45-768x576.jpeg 768w, https:\/\/noticiasregionais.com.br\/wp-content\/uploads\/2025\/02\/WhatsApp-Image-2025-02-24-at-15.13.45-1536x1152.jpeg 1536w, https:\/\/noticiasregionais.com.br\/wp-content\/uploads\/2025\/02\/WhatsApp-Image-2025-02-24-at-15.13.45.jpeg 1600w\" sizes=\"(max-width: 1024px) 100vw, 1024px\" \/><\/figure>\n<\/figure>\n<input type=\"hidden\" id=\"baseurl\" value=\"https:\/\/noticiasregionais.com.br\"><input type=\"hidden\" id=\"audio_nonce\" value=\"533fbb67b1\">","protected":false},"excerpt":{"rendered":"<p>Na manh\u00e3 desta segunda-feira (24), a Pol\u00edcia Rodovi\u00e1ria Federal (PRF) realizou duas grandes apreens\u00f5es de maconha na BR-369, no Paran\u00e1,&hellip;<\/p>\n","protected":false},"author":1,"featured_media":4573,"comment_status":"closed","ping_status":"open","sticky":false,"template":"","format":"standard","meta":{"sfsi_plus_gutenberg_text_before_share":"","sfsi_plus_gutenberg_show_text_before_share":"","sfsi_plus_gutenberg_icon_type":"","sfsi_plus_gutenberg_icon_alignemt":"","sfsi_plus_gutenburg_max_per_row":"","footnotes":""},"categories":[7,10,1],"tags":[23,24],"class_list":["post-4572","post","type-post","status-publish","format-standard","has-post-thumbnail","hentry","category-parana","category-destaques","category-noticias","tag-cambe","tag-sertanopolis"],"_links":{"self":[{"href":"https:\/\/noticiasregionais.com.br\/index.php?rest_route=\/wp\/v2\/posts\/4572","targetHints":{"allow":["GET"]}}],"collection":[{"href":"https:\/\/noticiasregionais.com.br\/index.php?rest_route=\/wp\/v2\/posts"}],"about":[{"href":"https:\/\/noticiasregionais.com.br\/index.php?rest_route=\/wp\/v2\/types\/post"}],"author":[{"embeddable":true,"href":"https:\/\/noticiasregionais.com.br\/index.php?rest_route=\/wp\/v2\/users\/1"}],"replies":[{"embeddable":true,"href":"https:\/\/noticiasregionais.com.br\/index.php?rest_route=%2Fwp%2Fv2%2Fcomments&post=4572"}],"version-history":[{"count":1,"href":"https:\/\/noticiasregionais.com.br\/index.php?rest_route=\/wp\/v2\/posts\/4572\/revisions"}],"predecessor-version":[{"id":4576,"href":"https:\/\/noticiasregionais.com.br\/index.php?rest_route=\/wp\/v2\/posts\/4572\/revisions\/4576"}],"wp:featuredmedia":[{"embeddable":true,"href":"https:\/\/noticiasregionais.com.br\/index.php?rest_route=\/wp\/v2\/media\/4573"}],"wp:attachment":[{"href":"https:\/\/noticiasregionais.com.br\/index.php?rest_route=%2Fwp%2Fv2%2Fmedia&parent=4572"}],"wp:term":[{"taxonomy":"category","embeddable":true,"href":"https:\/\/noticiasregionais.com.br\/index.php?rest_route=%2Fwp%2Fv2%2Fcategories&post=4572"},{"taxonomy":"post_tag","embeddable":true,"href":"https:\/\/noticiasregionais.com.br\/index.php?rest_route=%2Fwp%2Fv2%2Ftags&post=4572"}],"curies":[{"name":"wp","href":"https:\/\/api.w.org\/{rel}","templated":true}]}}