{"id":4577,"date":"2025-02-26T09:31:32","date_gmt":"2025-02-26T12:31:32","guid":{"rendered":"https:\/\/noticiasregionais.com.br\/?p=4577"},"modified":"2025-02-26T09:31:34","modified_gmt":"2025-02-26T12:31:34","slug":"prefeitura-de-ourinhos-amplia-galeria-pluvial-no-jardim-guapore","status":"publish","type":"post","link":"https:\/\/noticiasregionais.com.br\/?p=4577","title":{"rendered":"Prefeitura de Ourinhos amplia galeria pluvial no Jardim Guapor\u00e9"},"content":{"rendered":"\n<p>Na manh\u00e3 desta ter\u00e7a-feira (25), a Prefeitura de Ourinhos, por meio da Secretaria Municipal de Infraestrutura Urbana e Obras, deu in\u00edcio \u00e0 amplia\u00e7\u00e3o de uma galeria pluvial na Rua Joana Bacon Amadeu, no Jardim Guapor\u00e9. A interven\u00e7\u00e3o visa melhorar o escoamento da \u00e1gua da chuva, reduzindo transtornos para moradores e motoristas que transitam pela regi\u00e3o.<\/p>\n\n\n\n<p>A obra \u00e9 uma resposta \u00e0 sobrecarga da boca de lobo existente no local, que frequentemente resultava em ac\u00famulo excessivo de \u00e1gua em per\u00edodos chuvosos. Com a amplia\u00e7\u00e3o da galeria pluvial, espera-se minimizar os impactos das chuvas intensas, garantindo maior fluidez ao tr\u00e2nsito de ve\u00edculos e pedestres.<\/p>\n\n\n\n<p>Segundo a Secretaria de Infraestrutura Urbana e Obras, essa iniciativa faz parte de um conjunto de a\u00e7\u00f5es planejadas para aprimorar a drenagem urbana no munic\u00edpio, prevenindo alagamentos e aumentando a seguran\u00e7a da popula\u00e7\u00e3o. A Prefeitura refor\u00e7a que seguir\u00e1 investindo em melhorias estruturais para atender \u00e0s necessidades da cidade.<\/p>\n\n\n\n<p>Os moradores do Jardim Guapor\u00e9 comemoram a realiza\u00e7\u00e3o da obra e esperam que a amplia\u00e7\u00e3o da galeria traga al\u00edvio para os problemas enfrentados nos per\u00edodos de chuva. &#8220;Sempre tivemos dificuldades com o ac\u00famulo de \u00e1gua aqui, e essa interven\u00e7\u00e3o vem em boa hora&#8221;, relatou um residente da regi\u00e3o.<\/p>\n\n\n\n<p>A previs\u00e3o \u00e9 de que os trabalhos sejam conclu\u00eddos nos pr\u00f3ximos dias, trazendo benef\u00edcios duradouros para a mobilidade e infraestrutura local.<\/p>\n\n\n\n<figure class=\"wp-block-image size-large\"><img decoding=\"async\" width=\"1024\" height=\"576\" src=\"https:\/\/noticiasregionais.com.br\/wp-content\/uploads\/2025\/02\/WhatsApp-Image-2025-02-26-at-09.20.281-1024x576.jpeg\" alt=\"\" class=\"wp-image-4578\" srcset=\"https:\/\/noticiasregionais.com.br\/wp-content\/uploads\/2025\/02\/WhatsApp-Image-2025-02-26-at-09.20.281-1024x576.jpeg 1024w, https:\/\/noticiasregionais.com.br\/wp-content\/uploads\/2025\/02\/WhatsApp-Image-2025-02-26-at-09.20.281-300x169.jpeg 300w, https:\/\/noticiasregionais.com.br\/wp-content\/uploads\/2025\/02\/WhatsApp-Image-2025-02-26-at-09.20.281-768x432.jpeg 768w, https:\/\/noticiasregionais.com.br\/wp-content\/uploads\/2025\/02\/WhatsApp-Image-2025-02-26-at-09.20.281-1536x864.jpeg 1536w, https:\/\/noticiasregionais.com.br\/wp-content\/uploads\/2025\/02\/WhatsApp-Image-2025-02-26-at-09.20.281.jpeg 1600w\" sizes=\"(max-width: 1024px) 100vw, 1024px\" \/><\/figure>\n<input type=\"hidden\" id=\"baseurl\" value=\"https:\/\/noticiasregionais.com.br\"><input type=\"hidden\" id=\"audio_nonce\" value=\"533fbb67b1\">","protected":false},"excerpt":{"rendered":"<p>Na manh\u00e3 desta ter\u00e7a-feira (25), a Prefeitura de Ourinhos, por meio da Secretaria Municipal de Infraestrutura Urbana e Obras, deu&hellip;<\/p>\n","protected":false},"author":1,"featured_media":4579,"comment_status":"closed","ping_status":"open","sticky":false,"template":"","format":"standard","meta":{"sfsi_plus_gutenberg_text_before_share":"","sfsi_plus_gutenberg_show_text_before_share":"","sfsi_plus_gutenberg_icon_type":"","sfsi_plus_gutenberg_icon_alignemt":"","sfsi_plus_gutenburg_max_per_row":"","footnotes":""},"categories":[5,12,1],"tags":[16],"class_list":["post-4577","post","type-post","status-publish","format-standard","has-post-thumbnail","hentry","category-ourinhos","category-capa","category-noticias","tag-ourinhos"],"_links":{"self":[{"href":"https:\/\/noticiasregionais.com.br\/index.php?rest_route=\/wp\/v2\/posts\/4577","targetHints":{"allow":["GET"]}}],"collection":[{"href":"https:\/\/noticiasregionais.com.br\/index.php?rest_route=\/wp\/v2\/posts"}],"about":[{"href":"https:\/\/noticiasregionais.com.br\/index.php?rest_route=\/wp\/v2\/types\/post"}],"author":[{"embeddable":true,"href":"https:\/\/noticiasregionais.com.br\/index.php?rest_route=\/wp\/v2\/users\/1"}],"replies":[{"embeddable":true,"href":"https:\/\/noticiasregionais.com.br\/index.php?rest_route=%2Fwp%2Fv2%2Fcomments&post=4577"}],"version-history":[{"count":1,"href":"https:\/\/noticiasregionais.com.br\/index.php?rest_route=\/wp\/v2\/posts\/4577\/revisions"}],"predecessor-version":[{"id":4580,"href":"https:\/\/noticiasregionais.com.br\/index.php?rest_route=\/wp\/v2\/posts\/4577\/revisions\/4580"}],"wp:featuredmedia":[{"embeddable":true,"href":"https:\/\/noticiasregionais.com.br\/index.php?rest_route=\/wp\/v2\/media\/4579"}],"wp:attachment":[{"href":"https:\/\/noticiasregionais.com.br\/index.php?rest_route=%2Fwp%2Fv2%2Fmedia&parent=4577"}],"wp:term":[{"taxonomy":"category","embeddable":true,"href":"https:\/\/noticiasregionais.com.br\/index.php?rest_route=%2Fwp%2Fv2%2Fcategories&post=4577"},{"taxonomy":"post_tag","embeddable":true,"href":"https:\/\/noticiasregionais.com.br\/index.php?rest_route=%2Fwp%2Fv2%2Ftags&post=4577"}],"curies":[{"name":"wp","href":"https:\/\/api.w.org\/{rel}","templated":true}]}}