{"id":4581,"date":"2025-02-26T09:40:49","date_gmt":"2025-02-26T12:40:49","guid":{"rendered":"https:\/\/noticiasregionais.com.br\/?p=4581"},"modified":"2025-02-26T09:41:01","modified_gmt":"2025-02-26T12:41:01","slug":"policiamento-rodoviario-prende-criminosos-por-descaminho-em-rodovia-de-marilia-sp","status":"publish","type":"post","link":"https:\/\/noticiasregionais.com.br\/?p=4581","title":{"rendered":"Policiamento Rodovi\u00e1rio prende criminosos por descaminho em rodovia de Mar\u00edlia\/SP"},"content":{"rendered":"\n<p>Na tarde desta ter\u00e7a-feira (25), durante a Opera\u00e7\u00e3o Impacto, policiais militares do 2\u00b0 Pelot\u00e3o da 3\u00aa Companhia do 2\u00b0 Batalh\u00e3o de Pol\u00edcia Rodovi\u00e1ria (BPRv) prenderam dois indiv\u00edduos por descaminho na Rodovia Comandante Jo\u00e3o Ribeiro de Barros (SP-294), no km 456, em Mar\u00edlia\/SP.<\/p>\n\n\n\n<p>A abordagem ocorreu por volta das 12h50, quando os policiais pararam um ve\u00edculo Jeep\/Renegade ocupado pelo condutor e um passageiro. Durante a vistoria, os agentes localizaram um dispositivo de trava mec\u00e2nica no painel do carro, que revelou um compartimento secreto atr\u00e1s do r\u00e1dio. No interior desse fundo falso, foram encontrados diversos aparelhos celulares de origem estrangeira, sem a devida documenta\u00e7\u00e3o fiscal.<\/p>\n\n\n\n<p>A ocorr\u00eancia foi apresentada na Delegacia da Pol\u00edcia Federal de Mar\u00edlia\/SP, onde foram apreendidos 140 aparelhos celulares da marca iPhone, de diferentes modelos, avaliados em aproximadamente R$ 280.000,00.<\/p>\n\n\n\n<p>Os suspeitos, que n\u00e3o possu\u00edam antecedentes criminais, pagaram fian\u00e7a e foram liberados. A Pol\u00edcia Rodovi\u00e1ria segue intensificando a fiscaliza\u00e7\u00e3o nas rodovias para coibir crimes como o descaminho e outras irregularidades.<\/p>\n<input type=\"hidden\" id=\"baseurl\" value=\"https:\/\/noticiasregionais.com.br\"><input type=\"hidden\" id=\"audio_nonce\" value=\"533fbb67b1\">","protected":false},"excerpt":{"rendered":"<p>Na tarde desta ter\u00e7a-feira (25), durante a Opera\u00e7\u00e3o Impacto, policiais militares do 2\u00b0 Pelot\u00e3o da 3\u00aa Companhia do 2\u00b0 Batalh\u00e3o&hellip;<\/p>\n","protected":false},"author":1,"featured_media":4582,"comment_status":"closed","ping_status":"open","sticky":false,"template":"","format":"standard","meta":{"sfsi_plus_gutenberg_text_before_share":"","sfsi_plus_gutenberg_show_text_before_share":"","sfsi_plus_gutenberg_icon_type":"","sfsi_plus_gutenberg_icon_alignemt":"","sfsi_plus_gutenburg_max_per_row":"","footnotes":""},"categories":[6,10,1],"tags":[25],"class_list":["post-4581","post","type-post","status-publish","format-standard","has-post-thumbnail","hentry","category-sao_paulo","category-destaques","category-noticias","tag-marilia"],"_links":{"self":[{"href":"https:\/\/noticiasregionais.com.br\/index.php?rest_route=\/wp\/v2\/posts\/4581","targetHints":{"allow":["GET"]}}],"collection":[{"href":"https:\/\/noticiasregionais.com.br\/index.php?rest_route=\/wp\/v2\/posts"}],"about":[{"href":"https:\/\/noticiasregionais.com.br\/index.php?rest_route=\/wp\/v2\/types\/post"}],"author":[{"embeddable":true,"href":"https:\/\/noticiasregionais.com.br\/index.php?rest_route=\/wp\/v2\/users\/1"}],"replies":[{"embeddable":true,"href":"https:\/\/noticiasregionais.com.br\/index.php?rest_route=%2Fwp%2Fv2%2Fcomments&post=4581"}],"version-history":[{"count":1,"href":"https:\/\/noticiasregionais.com.br\/index.php?rest_route=\/wp\/v2\/posts\/4581\/revisions"}],"predecessor-version":[{"id":4583,"href":"https:\/\/noticiasregionais.com.br\/index.php?rest_route=\/wp\/v2\/posts\/4581\/revisions\/4583"}],"wp:featuredmedia":[{"embeddable":true,"href":"https:\/\/noticiasregionais.com.br\/index.php?rest_route=\/wp\/v2\/media\/4582"}],"wp:attachment":[{"href":"https:\/\/noticiasregionais.com.br\/index.php?rest_route=%2Fwp%2Fv2%2Fmedia&parent=4581"}],"wp:term":[{"taxonomy":"category","embeddable":true,"href":"https:\/\/noticiasregionais.com.br\/index.php?rest_route=%2Fwp%2Fv2%2Fcategories&post=4581"},{"taxonomy":"post_tag","embeddable":true,"href":"https:\/\/noticiasregionais.com.br\/index.php?rest_route=%2Fwp%2Fv2%2Ftags&post=4581"}],"curies":[{"name":"wp","href":"https:\/\/api.w.org\/{rel}","templated":true}]}}