{"id":4587,"date":"2025-02-27T22:50:55","date_gmt":"2025-02-28T01:50:55","guid":{"rendered":"https:\/\/noticiasregionais.com.br\/?p=4587"},"modified":"2025-02-27T23:07:56","modified_gmt":"2025-02-28T02:07:56","slug":"santa-casa-de-ourinhos-realiza-primeira-cirurgia-a-laser-para-tratar-hiperplasia-benigna-da-prostata","status":"publish","type":"post","link":"https:\/\/noticiasregionais.com.br\/?p=4587","title":{"rendered":"Santa Casa de Ourinhos realiza primeira cirurgia a laser para tratar Hiperplasia Benigna da Pr\u00f3stata"},"content":{"rendered":"\n<p>A Santa Casa de Ourinhos continua se destacando pela qualifica\u00e7\u00e3o de sua equipe m\u00e9dica e pelo investimento em tecnologia de ponta para melhorar o atendimento aos pacientes.<\/p>\n\n\n\n<p>Recentemente, os urologistas Dr. Luis Felipe Vellacich Yubi, Dr. Ricieri Mariotto e Dr. Lucas Takikawa realizaram, de forma in\u00e9dita no hospital, um procedimento minimamente invasivo para tratar a hiperplasia prost\u00e1tica benigna, utilizando a t\u00e9cnica HoLEP a laser.<\/p>\n\n\n\n<p>A hiperplasia prost\u00e1tica benigna \u00e9 o crescimento n\u00e3o cancer\u00edgeno da pr\u00f3stata, que pode levar \u00e0 obstru\u00e7\u00e3o do fluxo urin\u00e1rio.<\/p>\n\n\n\n<p>&#8220;O paciente apresentava um bloqueio no canal da urina, e o objetivo do procedimento foi eliminar essa obstru\u00e7\u00e3o. Esse m\u00e9todo moderno proporciona uma recupera\u00e7\u00e3o mais r\u00e1pida e, na maioria dos casos, permite que o paciente receba alta sem a necessidade de sonda, garantindo mais conforto&#8221;, explica o Dr. Luis Felipe.<\/p>\n\n\n\n<p>A t\u00e9cnica inovadora empregada na Santa Casa reduz a dor e o tempo de recupera\u00e7\u00e3o, pois dispensa cortes convencionais.<\/p>\n\n\n\n<p>&#8220;O procedimento foi um sucesso. Ao utilizar o laser, evitamos a cirurgia tradicional, que geralmente causa mais desconforto ao paciente. Essa nova tecnologia j\u00e1 est\u00e1 dispon\u00edvel na Santa Casa de Ourinhos&#8221;, conclui o especialista.<\/p>\n<input type=\"hidden\" id=\"baseurl\" value=\"https:\/\/noticiasregionais.com.br\"><input type=\"hidden\" id=\"audio_nonce\" value=\"533fbb67b1\">","protected":false},"excerpt":{"rendered":"<p>A Santa Casa de Ourinhos continua se destacando pela qualifica\u00e7\u00e3o de sua equipe m\u00e9dica e pelo investimento em tecnologia de&hellip;<\/p>\n","protected":false},"author":1,"featured_media":4588,"comment_status":"closed","ping_status":"open","sticky":false,"template":"","format":"standard","meta":{"sfsi_plus_gutenberg_text_before_share":"","sfsi_plus_gutenberg_show_text_before_share":"","sfsi_plus_gutenberg_icon_type":"","sfsi_plus_gutenberg_icon_alignemt":"","sfsi_plus_gutenburg_max_per_row":"","footnotes":""},"categories":[5,10,1],"tags":[16],"class_list":["post-4587","post","type-post","status-publish","format-standard","has-post-thumbnail","hentry","category-ourinhos","category-destaques","category-noticias","tag-ourinhos"],"_links":{"self":[{"href":"https:\/\/noticiasregionais.com.br\/index.php?rest_route=\/wp\/v2\/posts\/4587","targetHints":{"allow":["GET"]}}],"collection":[{"href":"https:\/\/noticiasregionais.com.br\/index.php?rest_route=\/wp\/v2\/posts"}],"about":[{"href":"https:\/\/noticiasregionais.com.br\/index.php?rest_route=\/wp\/v2\/types\/post"}],"author":[{"embeddable":true,"href":"https:\/\/noticiasregionais.com.br\/index.php?rest_route=\/wp\/v2\/users\/1"}],"replies":[{"embeddable":true,"href":"https:\/\/noticiasregionais.com.br\/index.php?rest_route=%2Fwp%2Fv2%2Fcomments&post=4587"}],"version-history":[{"count":1,"href":"https:\/\/noticiasregionais.com.br\/index.php?rest_route=\/wp\/v2\/posts\/4587\/revisions"}],"predecessor-version":[{"id":4589,"href":"https:\/\/noticiasregionais.com.br\/index.php?rest_route=\/wp\/v2\/posts\/4587\/revisions\/4589"}],"wp:featuredmedia":[{"embeddable":true,"href":"https:\/\/noticiasregionais.com.br\/index.php?rest_route=\/wp\/v2\/media\/4588"}],"wp:attachment":[{"href":"https:\/\/noticiasregionais.com.br\/index.php?rest_route=%2Fwp%2Fv2%2Fmedia&parent=4587"}],"wp:term":[{"taxonomy":"category","embeddable":true,"href":"https:\/\/noticiasregionais.com.br\/index.php?rest_route=%2Fwp%2Fv2%2Fcategories&post=4587"},{"taxonomy":"post_tag","embeddable":true,"href":"https:\/\/noticiasregionais.com.br\/index.php?rest_route=%2Fwp%2Fv2%2Ftags&post=4587"}],"curies":[{"name":"wp","href":"https:\/\/api.w.org\/{rel}","templated":true}]}}