{"id":4590,"date":"2025-02-27T22:58:09","date_gmt":"2025-02-28T01:58:09","guid":{"rendered":"https:\/\/noticiasregionais.com.br\/?p=4590"},"modified":"2025-02-27T22:58:20","modified_gmt":"2025-02-28T01:58:20","slug":"prf-e-policia-militar-rodoviaria-apreendem-800-kg-de-maconha-e-prendem-dois-homens-em-palmital-sp","status":"publish","type":"post","link":"https:\/\/noticiasregionais.com.br\/?p=4590","title":{"rendered":"PRF e Pol\u00edcia Militar Rodovi\u00e1ria apreendem 800 kg de maconha e prendem dois homens em Palmital\/SP"},"content":{"rendered":"\n<p>Uma opera\u00e7\u00e3o conjunta da Pol\u00edcia Rodovi\u00e1ria Federal (PRF) e da Pol\u00edcia Militar Rodovi\u00e1ria de S\u00e3o Paulo resultou na apreens\u00e3o de aproximadamente 800 quilos de maconha e na pris\u00e3o de dois homens por tr\u00e1fico de drogas, na tarde desta quarta-feira (26), em Palmital\/SP.<\/p>\n\n\n\n<p>A abordagem aconteceu por volta das 14h, no p\u00e1tio de um posto de combust\u00edveis localizado no km 426 da Rodovia Raposo Tavares. Durante a a\u00e7\u00e3o, os policiais identificaram um caminh\u00e3o-ba\u00fa que transportava diversos pacotes de maconha embalados, al\u00e9m de alguns paletes. O ve\u00edculo era conduzido por um homem de 40 anos, enquanto o propriet\u00e1rio do caminh\u00e3o, de 48 anos, acompanhava o transporte em um VW Gol que circulava nas proximidades.<\/p>\n\n\n\n<p>Ao serem questionados, os suspeitos alegaram desconhecer o conte\u00fado da carga e o destino final da mercadoria. No entanto, diante das evid\u00eancias, ambos foram presos em flagrante e encaminhados \u00e0 Delegacia da Pol\u00edcia Civil de Palmital, onde o caso foi registrado como tr\u00e1fico de drogas.<\/p>\n\n\n\n<p>A pesagem oficial da droga ainda est\u00e1 em andamento, mas a estimativa inicial aponta para cerca de 800 quilos de maconha. As investiga\u00e7\u00f5es seguem para identificar outros poss\u00edveis envolvidos na opera\u00e7\u00e3o criminosa.<\/p>\n<input type=\"hidden\" id=\"baseurl\" value=\"https:\/\/noticiasregionais.com.br\"><input type=\"hidden\" id=\"audio_nonce\" value=\"533fbb67b1\">","protected":false},"excerpt":{"rendered":"<p>Uma opera\u00e7\u00e3o conjunta da Pol\u00edcia Rodovi\u00e1ria Federal (PRF) e da Pol\u00edcia Militar Rodovi\u00e1ria de S\u00e3o Paulo resultou na apreens\u00e3o de&hellip;<\/p>\n","protected":false},"author":1,"featured_media":4591,"comment_status":"closed","ping_status":"open","sticky":false,"template":"","format":"standard","meta":{"sfsi_plus_gutenberg_text_before_share":"","sfsi_plus_gutenberg_show_text_before_share":"","sfsi_plus_gutenberg_icon_type":"","sfsi_plus_gutenberg_icon_alignemt":"","sfsi_plus_gutenburg_max_per_row":"","footnotes":""},"categories":[6,10,1],"tags":[27],"class_list":["post-4590","post","type-post","status-publish","format-standard","has-post-thumbnail","hentry","category-sao_paulo","category-destaques","category-noticias","tag-palmital"],"_links":{"self":[{"href":"https:\/\/noticiasregionais.com.br\/index.php?rest_route=\/wp\/v2\/posts\/4590","targetHints":{"allow":["GET"]}}],"collection":[{"href":"https:\/\/noticiasregionais.com.br\/index.php?rest_route=\/wp\/v2\/posts"}],"about":[{"href":"https:\/\/noticiasregionais.com.br\/index.php?rest_route=\/wp\/v2\/types\/post"}],"author":[{"embeddable":true,"href":"https:\/\/noticiasregionais.com.br\/index.php?rest_route=\/wp\/v2\/users\/1"}],"replies":[{"embeddable":true,"href":"https:\/\/noticiasregionais.com.br\/index.php?rest_route=%2Fwp%2Fv2%2Fcomments&post=4590"}],"version-history":[{"count":1,"href":"https:\/\/noticiasregionais.com.br\/index.php?rest_route=\/wp\/v2\/posts\/4590\/revisions"}],"predecessor-version":[{"id":4592,"href":"https:\/\/noticiasregionais.com.br\/index.php?rest_route=\/wp\/v2\/posts\/4590\/revisions\/4592"}],"wp:featuredmedia":[{"embeddable":true,"href":"https:\/\/noticiasregionais.com.br\/index.php?rest_route=\/wp\/v2\/media\/4591"}],"wp:attachment":[{"href":"https:\/\/noticiasregionais.com.br\/index.php?rest_route=%2Fwp%2Fv2%2Fmedia&parent=4590"}],"wp:term":[{"taxonomy":"category","embeddable":true,"href":"https:\/\/noticiasregionais.com.br\/index.php?rest_route=%2Fwp%2Fv2%2Fcategories&post=4590"},{"taxonomy":"post_tag","embeddable":true,"href":"https:\/\/noticiasregionais.com.br\/index.php?rest_route=%2Fwp%2Fv2%2Ftags&post=4590"}],"curies":[{"name":"wp","href":"https:\/\/api.w.org\/{rel}","templated":true}]}}