{"id":4593,"date":"2025-02-27T23:07:16","date_gmt":"2025-02-28T02:07:16","guid":{"rendered":"https:\/\/noticiasregionais.com.br\/?p=4593"},"modified":"2025-02-27T23:07:28","modified_gmt":"2025-02-28T02:07:28","slug":"mesmo-com-situacao-financeira-delicada-guilherme-propoe-reajuste-salarial-muito-superior-ao-seu-antecessor","status":"publish","type":"post","link":"https:\/\/noticiasregionais.com.br\/?p=4593","title":{"rendered":"Mesmo com situa\u00e7\u00e3o financeira delicada, Guilherme prop\u00f5e reajuste salarial muito superior ao seu antecessor"},"content":{"rendered":"\n<p>Em reuni\u00e3o realizada na manh\u00e3 desta quinta-feira (27), o prefeito Guilherme Gon\u00e7alves e o vice-prefeito Alexandre Zoio discutiram com representantes do Sindicato dos Servidores Municipais de Ourinhos (SINSERPO) a proposta de reajuste salarial e benef\u00edcios para os servidores. Este foi o quarto encontro de negocia\u00e7\u00e3o referente \u00e0 data-base da categoria.<\/p>\n\n\n\n<p>A administra\u00e7\u00e3o municipal apresentou um plano de reestrutura\u00e7\u00e3o salarial com o objetivo de garantir melhores condi\u00e7\u00f5es, especialmente para os funcion\u00e1rios que recebem os menores vencimentos. A proposta prev\u00ea um reajuste linear de R$160, al\u00e9m de um aumento significativo no vale-alimenta\u00e7\u00e3o, que passaria a R$600 \u2013 um acr\u00e9scimo de 61% na primeira faixa. Para a segunda faixa, o reajuste seria de R$330, assegurando que nenhum servidor receba menos de R$2.350 somando sal\u00e1rio e benef\u00edcios.<\/p>\n\n\n\n<p>Nos \u00faltimos oito anos, o vale-alimenta\u00e7\u00e3o teve um reajuste de apenas 29,3%, passando de R$286 em 2017 para R$370 em 2024. Diante disso, o prefeito declarou que pretende elevar esse benef\u00edcio para pelo menos R$1.000 at\u00e9 o final de seu mandato, visando proporcionar mais dignidade aos servidores.<\/p>\n\n\n\n<p>Al\u00e9m disso, a administra\u00e7\u00e3o municipal realizar\u00e1 estudos para viabilizar a implementa\u00e7\u00e3o do aux\u00edlio-nutricional destinado a aposentados e pensionistas durante a atual gest\u00e3o. No entanto, o reajuste n\u00e3o ser\u00e1 aplicado aos ocupantes de cargos em comiss\u00e3o e fun\u00e7\u00f5es de confian\u00e7a.<\/p>\n\n\n\n<p>Uma nova reuni\u00e3o ficou agendada para o dia 19 de mar\u00e7o, a fim de dar continuidade \u00e0s tratativas e resolver poss\u00edveis pend\u00eancias.<\/p>\n\n\n\n<p>Tamb\u00e9m estiveram presentes no encontro o procurador-geral do munic\u00edpio, Andr\u00e9 Mello, o secret\u00e1rio de Gabinete, Roberto Tasca, o secret\u00e1rio de Administra\u00e7\u00e3o, Heitor Rabelo, e o diretor-presidente do IPMO, Rildo Machado.<\/p>\n<input type=\"hidden\" id=\"baseurl\" value=\"https:\/\/noticiasregionais.com.br\"><input type=\"hidden\" id=\"audio_nonce\" value=\"533fbb67b1\">","protected":false},"excerpt":{"rendered":"<p>Em reuni\u00e3o realizada na manh\u00e3 desta quinta-feira (27), o prefeito Guilherme Gon\u00e7alves e o vice-prefeito Alexandre Zoio discutiram com representantes&hellip;<\/p>\n","protected":false},"author":1,"featured_media":4594,"comment_status":"closed","ping_status":"open","sticky":false,"template":"","format":"standard","meta":{"sfsi_plus_gutenberg_text_before_share":"","sfsi_plus_gutenberg_show_text_before_share":"","sfsi_plus_gutenberg_icon_type":"","sfsi_plus_gutenberg_icon_alignemt":"","sfsi_plus_gutenburg_max_per_row":"","footnotes":""},"categories":[5,12,1],"tags":[16],"class_list":["post-4593","post","type-post","status-publish","format-standard","has-post-thumbnail","hentry","category-ourinhos","category-capa","category-noticias","tag-ourinhos"],"_links":{"self":[{"href":"https:\/\/noticiasregionais.com.br\/index.php?rest_route=\/wp\/v2\/posts\/4593","targetHints":{"allow":["GET"]}}],"collection":[{"href":"https:\/\/noticiasregionais.com.br\/index.php?rest_route=\/wp\/v2\/posts"}],"about":[{"href":"https:\/\/noticiasregionais.com.br\/index.php?rest_route=\/wp\/v2\/types\/post"}],"author":[{"embeddable":true,"href":"https:\/\/noticiasregionais.com.br\/index.php?rest_route=\/wp\/v2\/users\/1"}],"replies":[{"embeddable":true,"href":"https:\/\/noticiasregionais.com.br\/index.php?rest_route=%2Fwp%2Fv2%2Fcomments&post=4593"}],"version-history":[{"count":1,"href":"https:\/\/noticiasregionais.com.br\/index.php?rest_route=\/wp\/v2\/posts\/4593\/revisions"}],"predecessor-version":[{"id":4595,"href":"https:\/\/noticiasregionais.com.br\/index.php?rest_route=\/wp\/v2\/posts\/4593\/revisions\/4595"}],"wp:featuredmedia":[{"embeddable":true,"href":"https:\/\/noticiasregionais.com.br\/index.php?rest_route=\/wp\/v2\/media\/4594"}],"wp:attachment":[{"href":"https:\/\/noticiasregionais.com.br\/index.php?rest_route=%2Fwp%2Fv2%2Fmedia&parent=4593"}],"wp:term":[{"taxonomy":"category","embeddable":true,"href":"https:\/\/noticiasregionais.com.br\/index.php?rest_route=%2Fwp%2Fv2%2Fcategories&post=4593"},{"taxonomy":"post_tag","embeddable":true,"href":"https:\/\/noticiasregionais.com.br\/index.php?rest_route=%2Fwp%2Fv2%2Ftags&post=4593"}],"curies":[{"name":"wp","href":"https:\/\/api.w.org\/{rel}","templated":true}]}}