{"id":4596,"date":"2025-02-27T23:11:59","date_gmt":"2025-02-28T02:11:59","guid":{"rendered":"https:\/\/noticiasregionais.com.br\/?p=4596"},"modified":"2025-02-27T23:12:10","modified_gmt":"2025-02-28T02:12:10","slug":"secretaria-da-mulher-e-da-familia-promove-palestra-sobre-fevereiro-roxo-e-laranja","status":"publish","type":"post","link":"https:\/\/noticiasregionais.com.br\/?p=4596","title":{"rendered":"Secretaria da Mulher e da Fam\u00edlia promove palestra sobre Fevereiro Roxo e Laranja"},"content":{"rendered":"\n<p>A import\u00e2ncia da preven\u00e7\u00e3o, do diagn\u00f3stico precoce e do apoio emocional foi tema central de uma palestra promovida pela Secretaria Municipal da Mulher e da Fam\u00edlia de Ourinhos, em alus\u00e3o ao Fevereiro Roxo e Laranja. O evento buscou conscientizar o p\u00fablico sobre o combate ao c\u00e2ncer e \u00e0s doen\u00e7as raras, com destaque para a fibromialgia \u2013 condi\u00e7\u00e3o para a qual a secretaria j\u00e1 disponibiliza atendimento especializado.<\/p>\n\n\n\n<p>A m\u00e9dica cl\u00ednica geral Dra. Mayara Alexandrina, especialista em Sa\u00fade da Fam\u00edlia (UNIFESP) e p\u00f3s-graduada em Sa\u00fade Mental (Instituto Albert Einstein), conduziu a palestra, compartilhando sua experi\u00eancia e conhecimentos sobre os temas abordados.<\/p>\n\n\n\n<p>O encontro reuniu servidoras e convidadas em um ambiente de aprendizado e acolhimento, refor\u00e7ando o compromisso da secretaria em oferecer suporte e informa\u00e7\u00e3o \u00e0 comunidade.<\/p>\n\n\n\n<h4 class=\"wp-block-heading\">O significado do Fevereiro Roxo e Laranja<\/h4>\n\n\n\n<p>A campanha Fevereiro Roxo e Laranja tem como objetivo sensibilizar a popula\u00e7\u00e3o sobre doen\u00e7as que demandam maior aten\u00e7\u00e3o da sociedade e do sistema de sa\u00fade. Cada cor representa uma causa essencial:<\/p>\n\n\n\n<ul class=\"wp-block-list\">\n<li><strong>Fevereiro Roxo<\/strong>: Criado para conscientizar sobre doen\u00e7as cr\u00f4nicas e sem cura, como L\u00fapus, Fibromialgia e Mal de Alzheimer. O foco est\u00e1 na import\u00e2ncia do diagn\u00f3stico precoce, do tratamento adequado e no suporte cont\u00ednuo aos pacientes. O lema da campanha \u00e9: <em>&#8220;Se n\u00e3o houver cura, que haja conforto!&#8221;<\/em><\/li>\n\n\n\n<li><strong>Fevereiro Laranja<\/strong>: Destaca a conscientiza\u00e7\u00e3o sobre a leucemia e a import\u00e2ncia da doa\u00e7\u00e3o de medula \u00f3ssea, um ato solid\u00e1rio que pode salvar vidas. O cadastro pode ser feito em hemocentros, e a compatibilidade entre doador e receptor \u00e9 fundamental para o sucesso do transplante.<\/li>\n<\/ul>\n\n\n\n<p>Ainda h\u00e1 muitas lacunas de conhecimento sobre essas doen\u00e7as, e a desinforma\u00e7\u00e3o pode dificultar o diagn\u00f3stico e o tratamento. A iniciativa busca ampliar o acesso \u00e0 informa\u00e7\u00e3o e incentivar a sociedade a apoiar aqueles que convivem com essas condi\u00e7\u00f5es.<\/p>\n<input type=\"hidden\" id=\"baseurl\" value=\"https:\/\/noticiasregionais.com.br\"><input type=\"hidden\" id=\"audio_nonce\" value=\"533fbb67b1\">","protected":false},"excerpt":{"rendered":"<p>A import\u00e2ncia da preven\u00e7\u00e3o, do diagn\u00f3stico precoce e do apoio emocional foi tema central de uma palestra promovida pela Secretaria&hellip;<\/p>\n","protected":false},"author":1,"featured_media":4597,"comment_status":"closed","ping_status":"open","sticky":false,"template":"","format":"standard","meta":{"sfsi_plus_gutenberg_text_before_share":"","sfsi_plus_gutenberg_show_text_before_share":"","sfsi_plus_gutenberg_icon_type":"","sfsi_plus_gutenberg_icon_alignemt":"","sfsi_plus_gutenburg_max_per_row":"","footnotes":""},"categories":[5,10,1],"tags":[16],"class_list":["post-4596","post","type-post","status-publish","format-standard","has-post-thumbnail","hentry","category-ourinhos","category-destaques","category-noticias","tag-ourinhos"],"_links":{"self":[{"href":"https:\/\/noticiasregionais.com.br\/index.php?rest_route=\/wp\/v2\/posts\/4596","targetHints":{"allow":["GET"]}}],"collection":[{"href":"https:\/\/noticiasregionais.com.br\/index.php?rest_route=\/wp\/v2\/posts"}],"about":[{"href":"https:\/\/noticiasregionais.com.br\/index.php?rest_route=\/wp\/v2\/types\/post"}],"author":[{"embeddable":true,"href":"https:\/\/noticiasregionais.com.br\/index.php?rest_route=\/wp\/v2\/users\/1"}],"replies":[{"embeddable":true,"href":"https:\/\/noticiasregionais.com.br\/index.php?rest_route=%2Fwp%2Fv2%2Fcomments&post=4596"}],"version-history":[{"count":1,"href":"https:\/\/noticiasregionais.com.br\/index.php?rest_route=\/wp\/v2\/posts\/4596\/revisions"}],"predecessor-version":[{"id":4598,"href":"https:\/\/noticiasregionais.com.br\/index.php?rest_route=\/wp\/v2\/posts\/4596\/revisions\/4598"}],"wp:featuredmedia":[{"embeddable":true,"href":"https:\/\/noticiasregionais.com.br\/index.php?rest_route=\/wp\/v2\/media\/4597"}],"wp:attachment":[{"href":"https:\/\/noticiasregionais.com.br\/index.php?rest_route=%2Fwp%2Fv2%2Fmedia&parent=4596"}],"wp:term":[{"taxonomy":"category","embeddable":true,"href":"https:\/\/noticiasregionais.com.br\/index.php?rest_route=%2Fwp%2Fv2%2Fcategories&post=4596"},{"taxonomy":"post_tag","embeddable":true,"href":"https:\/\/noticiasregionais.com.br\/index.php?rest_route=%2Fwp%2Fv2%2Ftags&post=4596"}],"curies":[{"name":"wp","href":"https:\/\/api.w.org\/{rel}","templated":true}]}}