{"id":4599,"date":"2025-03-03T10:19:09","date_gmt":"2025-03-03T13:19:09","guid":{"rendered":"https:\/\/noticiasregionais.com.br\/?p=4599"},"modified":"2025-03-03T10:19:20","modified_gmt":"2025-03-03T13:19:20","slug":"servidores-participam-de-sessao-de-ginastica-laboral-promovida-pela-cipa-no-paco-municipal","status":"publish","type":"post","link":"https:\/\/noticiasregionais.com.br\/?p=4599","title":{"rendered":"Servidores participam de sess\u00e3o de gin\u00e1stica laboral promovida pela CIPA no Pa\u00e7o Municipal"},"content":{"rendered":"\n<p class=\"has-text-align-center\"><strong>Mais de 20 funcion\u00e1rios aderiram \u00e0 atividade especial voltada ao bem-estar e \u00e0 integra\u00e7\u00e3o da equipe.<\/strong><\/p>\n\n\n\n<p>Na manh\u00e3 da \u00faltima quarta-feira (26), a Comiss\u00e3o Interna de Preven\u00e7\u00e3o de Acidentes e Ass\u00e9dios (CIPA) Administrativa da Prefeitura de Ourinhos organizou uma sess\u00e3o de gin\u00e1stica laboral para os servidores que atuam nos pr\u00e9dios pr\u00f3ximos ao Pa\u00e7o Municipal.<\/p>\n\n\n\n<p>A atividade foi conduzida pelo professor de Educa\u00e7\u00e3o F\u00edsica Felipe Ara\u00fajo Rodrigues, que aplicou uma s\u00e9rie de exerc\u00edcios voltados \u00e0 promo\u00e7\u00e3o da sa\u00fade, ao al\u00edvio de tens\u00f5es musculares e ao fortalecimento da intera\u00e7\u00e3o entre os funcion\u00e1rios. A iniciativa visa contribuir para um ambiente de trabalho mais saud\u00e1vel e produtivo.<\/p>\n\n\n\n<p>Durante o evento, a integrante da CIPA Administrativa, Elaine Zanuto, foi recebida pelo vice-prefeito Alexandre Zoio. Ele refor\u00e7ou o compromisso da administra\u00e7\u00e3o municipal com as a\u00e7\u00f5es da comiss\u00e3o, reconhecendo sua import\u00e2ncia na garantia da seguran\u00e7a e do bem-estar dos servidores, fatores que impactam diretamente na qualidade dos servi\u00e7os prestados \u00e0 popula\u00e7\u00e3o.<\/p>\n\n\n\n<p>A CIPA Administrativa adiantou que outras atividades semelhantes ser\u00e3o promovidas em breve. Al\u00e9m disso, a comiss\u00e3o segue \u00e0 disposi\u00e7\u00e3o para apoiar os servidores na busca por um ambiente de trabalho mais seguro e eficiente.<\/p>\n<input type=\"hidden\" id=\"baseurl\" value=\"https:\/\/noticiasregionais.com.br\"><input type=\"hidden\" id=\"audio_nonce\" value=\"533fbb67b1\">","protected":false},"excerpt":{"rendered":"<p>Mais de 20 funcion\u00e1rios aderiram \u00e0 atividade especial voltada ao bem-estar e \u00e0 integra\u00e7\u00e3o da equipe. Na manh\u00e3 da \u00faltima&hellip;<\/p>\n","protected":false},"author":1,"featured_media":4600,"comment_status":"closed","ping_status":"open","sticky":false,"template":"","format":"standard","meta":{"sfsi_plus_gutenberg_text_before_share":"","sfsi_plus_gutenberg_show_text_before_share":"","sfsi_plus_gutenberg_icon_type":"","sfsi_plus_gutenberg_icon_alignemt":"","sfsi_plus_gutenburg_max_per_row":"","footnotes":""},"categories":[5,10,1],"tags":[16],"class_list":["post-4599","post","type-post","status-publish","format-standard","has-post-thumbnail","hentry","category-ourinhos","category-destaques","category-noticias","tag-ourinhos"],"_links":{"self":[{"href":"https:\/\/noticiasregionais.com.br\/index.php?rest_route=\/wp\/v2\/posts\/4599","targetHints":{"allow":["GET"]}}],"collection":[{"href":"https:\/\/noticiasregionais.com.br\/index.php?rest_route=\/wp\/v2\/posts"}],"about":[{"href":"https:\/\/noticiasregionais.com.br\/index.php?rest_route=\/wp\/v2\/types\/post"}],"author":[{"embeddable":true,"href":"https:\/\/noticiasregionais.com.br\/index.php?rest_route=\/wp\/v2\/users\/1"}],"replies":[{"embeddable":true,"href":"https:\/\/noticiasregionais.com.br\/index.php?rest_route=%2Fwp%2Fv2%2Fcomments&post=4599"}],"version-history":[{"count":1,"href":"https:\/\/noticiasregionais.com.br\/index.php?rest_route=\/wp\/v2\/posts\/4599\/revisions"}],"predecessor-version":[{"id":4601,"href":"https:\/\/noticiasregionais.com.br\/index.php?rest_route=\/wp\/v2\/posts\/4599\/revisions\/4601"}],"wp:featuredmedia":[{"embeddable":true,"href":"https:\/\/noticiasregionais.com.br\/index.php?rest_route=\/wp\/v2\/media\/4600"}],"wp:attachment":[{"href":"https:\/\/noticiasregionais.com.br\/index.php?rest_route=%2Fwp%2Fv2%2Fmedia&parent=4599"}],"wp:term":[{"taxonomy":"category","embeddable":true,"href":"https:\/\/noticiasregionais.com.br\/index.php?rest_route=%2Fwp%2Fv2%2Fcategories&post=4599"},{"taxonomy":"post_tag","embeddable":true,"href":"https:\/\/noticiasregionais.com.br\/index.php?rest_route=%2Fwp%2Fv2%2Ftags&post=4599"}],"curies":[{"name":"wp","href":"https:\/\/api.w.org\/{rel}","templated":true}]}}