{"id":460,"date":"2023-09-19T10:45:48","date_gmt":"2023-09-19T13:45:48","guid":{"rendered":"https:\/\/noticiasregionais.com.br\/?p=460"},"modified":"2023-09-19T10:45:48","modified_gmt":"2023-09-19T13:45:48","slug":"policiamento-rodoviario-prende-individuo-por-contrabando-em-oriente-sp","status":"publish","type":"post","link":"https:\/\/noticiasregionais.com.br\/?p=460","title":{"rendered":"Policiamento Rodovi\u00e1rio prende indiv\u00edduo por contrabando em Oriente\/SP"},"content":{"rendered":"\n<p>Policiais militares do 2\u00b0 Batalh\u00e3o de Pol\u00edcia Rodovi\u00e1ria prenderam um indiv\u00edduo em flagrante por contrabando na manh\u00e3 desta ter\u00e7a-feira (19), no km 472 da Rodovia Cmte Jo\u00e3o Ribeiro De Barros (SP-294), regi\u00e3o de Oriente\/SP.<\/p>\n\n\n\n<p>Os policiais realizavam Opera\u00e7\u00e3o Impacto quando suspeitaram do condutor de um Renault\/ Master e o abordaram. Durante a vistoria, localizaram carga de cigarros sem proced\u00eancia fiscal.<\/p>\n\n\n\n<p>O homem, que n\u00e3o teve a identidade divulgada, foi preso e conduzido \u00e0 Central de Pol\u00edcia Judici\u00e1ria (CPJ) de Mar\u00edlia\/SP, onde foi autuado em flagrante por contrabando.<\/p>\n\n\n\n<p>A carga de cigarros foi apreendida e encaminhada \u00e0 Receita Federal.<\/p>\n\n\n\n<p><strong>Pol\u00edcia Militar: rumo aos 200 anos<\/strong><\/p>\n\n\n\n<p>A Pol\u00edcia Militar de S\u00e3o Paulo completou 199 anos no \u00faltimo dia 2 de mar\u00e7o. A corpora\u00e7\u00e3o \u00e9 uma das mais respeitadas do mundo e tem um papel fundamental na seguran\u00e7a p\u00fablica do Estado.<\/p>\n\n\n\n<p>A Opera\u00e7\u00e3o Impacto \u00e9 uma a\u00e7\u00e3o da Pol\u00edcia Militar de S\u00e3o Paulo que tem como objetivo combater o crime e garantir a seguran\u00e7a da popula\u00e7\u00e3o. A a\u00e7\u00e3o \u00e9 realizada em todo o Estado e j\u00e1 resultou na pris\u00e3o de centenas de criminosos.<\/p>\n<input type=\"hidden\" id=\"baseurl\" value=\"https:\/\/noticiasregionais.com.br\"><input type=\"hidden\" id=\"audio_nonce\" value=\"533fbb67b1\">","protected":false},"excerpt":{"rendered":"<p>Policiais militares do 2\u00b0 Batalh\u00e3o de Pol\u00edcia Rodovi\u00e1ria prenderam um indiv\u00edduo em flagrante por contrabando na manh\u00e3 desta ter\u00e7a-feira (19),&hellip;<\/p>\n","protected":false},"author":1,"featured_media":461,"comment_status":"closed","ping_status":"open","sticky":false,"template":"","format":"standard","meta":{"sfsi_plus_gutenberg_text_before_share":"","sfsi_plus_gutenberg_show_text_before_share":"","sfsi_plus_gutenberg_icon_type":"","sfsi_plus_gutenberg_icon_alignemt":"","sfsi_plus_gutenburg_max_per_row":"","footnotes":""},"categories":[6,10,1],"tags":[],"class_list":["post-460","post","type-post","status-publish","format-standard","has-post-thumbnail","hentry","category-sao_paulo","category-destaques","category-noticias"],"_links":{"self":[{"href":"https:\/\/noticiasregionais.com.br\/index.php?rest_route=\/wp\/v2\/posts\/460","targetHints":{"allow":["GET"]}}],"collection":[{"href":"https:\/\/noticiasregionais.com.br\/index.php?rest_route=\/wp\/v2\/posts"}],"about":[{"href":"https:\/\/noticiasregionais.com.br\/index.php?rest_route=\/wp\/v2\/types\/post"}],"author":[{"embeddable":true,"href":"https:\/\/noticiasregionais.com.br\/index.php?rest_route=\/wp\/v2\/users\/1"}],"replies":[{"embeddable":true,"href":"https:\/\/noticiasregionais.com.br\/index.php?rest_route=%2Fwp%2Fv2%2Fcomments&post=460"}],"version-history":[{"count":1,"href":"https:\/\/noticiasregionais.com.br\/index.php?rest_route=\/wp\/v2\/posts\/460\/revisions"}],"predecessor-version":[{"id":462,"href":"https:\/\/noticiasregionais.com.br\/index.php?rest_route=\/wp\/v2\/posts\/460\/revisions\/462"}],"wp:featuredmedia":[{"embeddable":true,"href":"https:\/\/noticiasregionais.com.br\/index.php?rest_route=\/wp\/v2\/media\/461"}],"wp:attachment":[{"href":"https:\/\/noticiasregionais.com.br\/index.php?rest_route=%2Fwp%2Fv2%2Fmedia&parent=460"}],"wp:term":[{"taxonomy":"category","embeddable":true,"href":"https:\/\/noticiasregionais.com.br\/index.php?rest_route=%2Fwp%2Fv2%2Fcategories&post=460"},{"taxonomy":"post_tag","embeddable":true,"href":"https:\/\/noticiasregionais.com.br\/index.php?rest_route=%2Fwp%2Fv2%2Ftags&post=460"}],"curies":[{"name":"wp","href":"https:\/\/api.w.org\/{rel}","templated":true}]}}