{"id":4602,"date":"2025-03-03T10:28:20","date_gmt":"2025-03-03T13:28:20","guid":{"rendered":"https:\/\/noticiasregionais.com.br\/?p=4602"},"modified":"2025-03-03T10:28:25","modified_gmt":"2025-03-03T13:28:25","slug":"santa-casa-de-ourinhos-celebra-122-nascimentos-em-janeiro-e-reforca-compromisso-com-atendimento-humanizado","status":"publish","type":"post","link":"https:\/\/noticiasregionais.com.br\/?p=4602","title":{"rendered":"Santa Casa de Ourinhos celebra 122 nascimentos em janeiro e refor\u00e7a compromisso com atendimento humanizado"},"content":{"rendered":"\n<p>O nascimento de uma crian\u00e7a \u00e9 um momento de grande emo\u00e7\u00e3o e renova\u00e7\u00e3o para as fam\u00edlias. Na Santa Casa de Ourinhos, esse acontecimento \u00e9 vivido com todo o cuidado e aten\u00e7\u00e3o necess\u00e1rios para garantir seguran\u00e7a e acolhimento \u00e0s m\u00e3es e beb\u00eas.<\/p>\n\n\n\n<p>No primeiro m\u00eas do ano, o hospital registrou 122 partos, marcando o in\u00edcio de novas hist\u00f3rias de vida. Como refer\u00eancia no atendimento pelo SUS, a institui\u00e7\u00e3o se destaca por proporcionar um ambiente estruturado e humanizado, assegurando que cada gestante receba o suporte necess\u00e1rio durante todo o processo.<\/p>\n\n\n\n<p>Com uma equipe qualificada e uma infraestrutura moderna, a Santa Casa de Ourinhos mant\u00e9m seu compromisso de investir em pr\u00e1ticas voltadas ao bem-estar materno-infantil, consolidando sua posi\u00e7\u00e3o como um dos principais centros de assist\u00eancia \u00e0 sa\u00fade da regi\u00e3o.<\/p>\n<input type=\"hidden\" id=\"baseurl\" value=\"https:\/\/noticiasregionais.com.br\"><input type=\"hidden\" id=\"audio_nonce\" value=\"533fbb67b1\">","protected":false},"excerpt":{"rendered":"<p>O nascimento de uma crian\u00e7a \u00e9 um momento de grande emo\u00e7\u00e3o e renova\u00e7\u00e3o para as fam\u00edlias. Na Santa Casa de&hellip;<\/p>\n","protected":false},"author":1,"featured_media":4603,"comment_status":"closed","ping_status":"open","sticky":false,"template":"","format":"standard","meta":{"sfsi_plus_gutenberg_text_before_share":"","sfsi_plus_gutenberg_show_text_before_share":"","sfsi_plus_gutenberg_icon_type":"","sfsi_plus_gutenberg_icon_alignemt":"","sfsi_plus_gutenburg_max_per_row":"","footnotes":""},"categories":[5,10,1],"tags":[16],"class_list":["post-4602","post","type-post","status-publish","format-standard","has-post-thumbnail","hentry","category-ourinhos","category-destaques","category-noticias","tag-ourinhos"],"_links":{"self":[{"href":"https:\/\/noticiasregionais.com.br\/index.php?rest_route=\/wp\/v2\/posts\/4602","targetHints":{"allow":["GET"]}}],"collection":[{"href":"https:\/\/noticiasregionais.com.br\/index.php?rest_route=\/wp\/v2\/posts"}],"about":[{"href":"https:\/\/noticiasregionais.com.br\/index.php?rest_route=\/wp\/v2\/types\/post"}],"author":[{"embeddable":true,"href":"https:\/\/noticiasregionais.com.br\/index.php?rest_route=\/wp\/v2\/users\/1"}],"replies":[{"embeddable":true,"href":"https:\/\/noticiasregionais.com.br\/index.php?rest_route=%2Fwp%2Fv2%2Fcomments&post=4602"}],"version-history":[{"count":1,"href":"https:\/\/noticiasregionais.com.br\/index.php?rest_route=\/wp\/v2\/posts\/4602\/revisions"}],"predecessor-version":[{"id":4604,"href":"https:\/\/noticiasregionais.com.br\/index.php?rest_route=\/wp\/v2\/posts\/4602\/revisions\/4604"}],"wp:featuredmedia":[{"embeddable":true,"href":"https:\/\/noticiasregionais.com.br\/index.php?rest_route=\/wp\/v2\/media\/4603"}],"wp:attachment":[{"href":"https:\/\/noticiasregionais.com.br\/index.php?rest_route=%2Fwp%2Fv2%2Fmedia&parent=4602"}],"wp:term":[{"taxonomy":"category","embeddable":true,"href":"https:\/\/noticiasregionais.com.br\/index.php?rest_route=%2Fwp%2Fv2%2Fcategories&post=4602"},{"taxonomy":"post_tag","embeddable":true,"href":"https:\/\/noticiasregionais.com.br\/index.php?rest_route=%2Fwp%2Fv2%2Ftags&post=4602"}],"curies":[{"name":"wp","href":"https:\/\/api.w.org\/{rel}","templated":true}]}}