{"id":4605,"date":"2025-03-03T10:35:57","date_gmt":"2025-03-03T13:35:57","guid":{"rendered":"https:\/\/noticiasregionais.com.br\/?p=4605"},"modified":"2025-03-03T10:36:09","modified_gmt":"2025-03-03T13:36:09","slug":"ferrovias-brasileiras-enfrentam-alta-ociosidade-e-desafios-na-infraestrutura","status":"publish","type":"post","link":"https:\/\/noticiasregionais.com.br\/?p=4605","title":{"rendered":"Ferrovias brasileiras enfrentam alta ociosidade e desafios na infraestrutura"},"content":{"rendered":"\n<p>Um relat\u00f3rio do Tribunal de Contas da Uni\u00e3o (TCU) aponta que grande parte da malha ferrovi\u00e1ria do Brasil est\u00e1 sendo pouco utilizada. De acordo com os dados, 64% dos trilhos apresentam uma ociosidade superior a 70%, enquanto 44% dos trechos operam com menos de 10% da capacidade.<\/p>\n\n\n\n<p>Segundo especialistas, um dos principais motivos para essa situa\u00e7\u00e3o \u00e9 a prioriza\u00e7\u00e3o de corredores voltados \u00e0 exporta\u00e7\u00e3o, principalmente para escoamento de commodities e min\u00e9rios. O pesquisador Gildemir da Silva, da Universidade Federal do Cear\u00e1 (UFC), destaca que essa estrat\u00e9gia favorece alguns trechos, mas penaliza outros que n\u00e3o fazem parte dessa rota comercial, resultando em infraestrutura ociosa e at\u00e9 deteriorada ao longo do tempo.<\/p>\n\n\n\n<p>Al\u00e9m disso, o relat\u00f3rio do TCU indica que o descumprimento de investimentos obrigat\u00f3rios e o abandono de trechos ferrovi\u00e1rios contribuem para esse cen\u00e1rio. Comparado a pa\u00edses como Estados Unidos e China, o Brasil ainda enfrenta desafios de conectividade e integra\u00e7\u00e3o entre diferentes operadores do setor, dificultando um aproveitamento mais eficiente da malha ferrovi\u00e1ria.<\/p>\n\n\n\n<h3 class=\"wp-block-heading\">Revis\u00e3o do Marco Legal das Ferrovias<\/h3>\n\n\n\n<p>Diante desse quadro, o Senado pretende avaliar a aplica\u00e7\u00e3o do Marco Legal das Ferrovias, aprovado em 2021. O presidente da Comiss\u00e3o de Servi\u00e7os de Infraestrutura, senador Marcos Rog\u00e9rio (PL-RO), anunciou que ser\u00e3o feitas dilig\u00eancias para verificar o impacto das normas na pr\u00e1tica e analisar poss\u00edveis ajustes para ampliar a efici\u00eancia do setor.<\/p>\n\n\n\n<h3 class=\"wp-block-heading\">Rodovias seguem como principal alternativa de transporte<\/h3>\n\n\n\n<p>Enquanto as ferrovias enfrentam dificuldades, as rodovias continuam sendo a principal op\u00e7\u00e3o para o transporte de cargas e passageiros no Brasil. De acordo com a Ag\u00eancia Nacional de Transportes Terrestres (ANTT), as concess\u00f5es de rodovias federais arrecadaram mais de R$ 16 bilh\u00f5es em ped\u00e1gios entre 2022 e 2023, acompanhando um aumento no fluxo de ve\u00edculos, que saltou de 735 milh\u00f5es para 801 milh\u00f5es no per\u00edodo.<\/p>\n\n\n\n<p>Um estudo comparativo do TCU sobre a qualidade das rodovias revela que trechos sob gest\u00e3o privada apresentam melhores condi\u00e7\u00f5es. Enquanto 69% das estradas concedidas \u00e0 iniciativa privada est\u00e3o classificadas como \u00f3timas ou boas, esse \u00edndice cai para 24,7% nas rodovias administradas pelo setor p\u00fablico.<\/p>\n\n\n\n<p>O cen\u00e1rio refor\u00e7a a necessidade de investimentos e planejamento estrat\u00e9gico para garantir que a infraestrutura de transporte do pa\u00eds seja mais eficiente e integrada, promovendo benef\u00edcios tanto para a economia quanto para a mobilidade da popula\u00e7\u00e3o.<\/p>\n<input type=\"hidden\" id=\"baseurl\" value=\"https:\/\/noticiasregionais.com.br\"><input type=\"hidden\" id=\"audio_nonce\" value=\"533fbb67b1\">","protected":false},"excerpt":{"rendered":"<p>Um relat\u00f3rio do Tribunal de Contas da Uni\u00e3o (TCU) aponta que grande parte da malha ferrovi\u00e1ria do Brasil est\u00e1 sendo&hellip;<\/p>\n","protected":false},"author":1,"featured_media":4606,"comment_status":"closed","ping_status":"open","sticky":false,"template":"","format":"standard","meta":{"sfsi_plus_gutenberg_text_before_share":"","sfsi_plus_gutenberg_show_text_before_share":"","sfsi_plus_gutenberg_icon_type":"","sfsi_plus_gutenberg_icon_alignemt":"","sfsi_plus_gutenburg_max_per_row":"","footnotes":""},"categories":[8,10,1],"tags":[],"class_list":["post-4605","post","type-post","status-publish","format-standard","has-post-thumbnail","hentry","category-brasil","category-destaques","category-noticias"],"_links":{"self":[{"href":"https:\/\/noticiasregionais.com.br\/index.php?rest_route=\/wp\/v2\/posts\/4605","targetHints":{"allow":["GET"]}}],"collection":[{"href":"https:\/\/noticiasregionais.com.br\/index.php?rest_route=\/wp\/v2\/posts"}],"about":[{"href":"https:\/\/noticiasregionais.com.br\/index.php?rest_route=\/wp\/v2\/types\/post"}],"author":[{"embeddable":true,"href":"https:\/\/noticiasregionais.com.br\/index.php?rest_route=\/wp\/v2\/users\/1"}],"replies":[{"embeddable":true,"href":"https:\/\/noticiasregionais.com.br\/index.php?rest_route=%2Fwp%2Fv2%2Fcomments&post=4605"}],"version-history":[{"count":1,"href":"https:\/\/noticiasregionais.com.br\/index.php?rest_route=\/wp\/v2\/posts\/4605\/revisions"}],"predecessor-version":[{"id":4607,"href":"https:\/\/noticiasregionais.com.br\/index.php?rest_route=\/wp\/v2\/posts\/4605\/revisions\/4607"}],"wp:featuredmedia":[{"embeddable":true,"href":"https:\/\/noticiasregionais.com.br\/index.php?rest_route=\/wp\/v2\/media\/4606"}],"wp:attachment":[{"href":"https:\/\/noticiasregionais.com.br\/index.php?rest_route=%2Fwp%2Fv2%2Fmedia&parent=4605"}],"wp:term":[{"taxonomy":"category","embeddable":true,"href":"https:\/\/noticiasregionais.com.br\/index.php?rest_route=%2Fwp%2Fv2%2Fcategories&post=4605"},{"taxonomy":"post_tag","embeddable":true,"href":"https:\/\/noticiasregionais.com.br\/index.php?rest_route=%2Fwp%2Fv2%2Ftags&post=4605"}],"curies":[{"name":"wp","href":"https:\/\/api.w.org\/{rel}","templated":true}]}}