{"id":4608,"date":"2025-03-03T10:50:08","date_gmt":"2025-03-03T13:50:08","guid":{"rendered":"https:\/\/noticiasregionais.com.br\/?p=4608"},"modified":"2025-03-03T10:50:20","modified_gmt":"2025-03-03T13:50:20","slug":"curso-de-educacao-fisica-da-faeso-forma-profissionais-para-um-mercado-em-expansao","status":"publish","type":"post","link":"https:\/\/noticiasregionais.com.br\/?p=4608","title":{"rendered":"Curso de Educa\u00e7\u00e3o F\u00edsica da FAESO forma profissionais para um mercado em expans\u00e3o"},"content":{"rendered":"\n<p>A Faculdade Est\u00e1cio de S\u00e1 de Ourinhos (FAESO) se destaca na forma\u00e7\u00e3o de profissionais capacitados para atuar no crescente setor da Educa\u00e7\u00e3o F\u00edsica. O curso de <strong>Bacharelado em Educa\u00e7\u00e3o F\u00edsica<\/strong> oferece uma abordagem inovadora, unindo teoria e pr\u00e1tica para preparar os estudantes para os desafios do mercado.<\/p>\n\n\n\n<h3 class=\"wp-block-heading\"><strong>Forma\u00e7\u00e3o completa e multidisciplinar<\/strong><\/h3>\n\n\n\n<p>O curso tem dura\u00e7\u00e3o de <strong>quatro anos<\/strong>, com uma matriz curricular estruturada para atender \u00e0s Diretrizes Curriculares Nacionais. S\u00e3o <strong>36 disciplinas obrigat\u00f3rias e uma optativa<\/strong>, abrangendo temas como <strong>movimento humano, sa\u00fade e esporte<\/strong>.<\/p>\n\n\n\n<p>Os alunos s\u00e3o preparados para atuar em diversas \u00e1reas, incluindo:<\/p>\n\n\n\n<p>\u2705 Academias e clubes esportivos<br>\u2705 Centros de reabilita\u00e7\u00e3o e hospitais<br>\u2705 Empresas voltadas \u00e0 qualidade de vida<br>\u2705 Personal training e consultoria esportiva<\/p>\n\n\n\n<h3 class=\"wp-block-heading\"><strong>Diferencial: integra\u00e7\u00e3o entre teoria e pr\u00e1tica<\/strong><\/h3>\n\n\n\n<p>O curso da FAESO se destaca pela forte <strong>articula\u00e7\u00e3o entre teoria e pr\u00e1tica<\/strong>. Com laborat\u00f3rios modernos e parcerias com institui\u00e7\u00f5es esportivas da regi\u00e3o, os alunos vivenciam a realidade profissional desde cedo.<\/p>\n\n\n\n<p>Al\u00e9m disso, os <strong>est\u00e1gios supervisionados<\/strong> garantem que os estudantes adquiram experi\u00eancia antes da conclus\u00e3o da gradua\u00e7\u00e3o, ampliando suas oportunidades no mercado de trabalho.<\/p>\n\n\n\n<p>\ud83d\udce2 <em>&#8220;A forma\u00e7\u00e3o na FAESO permite que o profissional esteja preparado para atuar de maneira diferenciada, promovendo sa\u00fade e bem-estar por meio do movimento humano&#8221;,<\/em> destaca a coordenadora do curso, <strong>Michelle Moreira Abujamra Fillis<\/strong>.<\/p>\n\n\n\n<h3 class=\"wp-block-heading\"><strong>Setor em crescimento e alta demanda por profissionais<\/strong><\/h3>\n\n\n\n<p>O mercado de <strong>Educa\u00e7\u00e3o F\u00edsica est\u00e1 em expans\u00e3o<\/strong>, impulsionado pela crescente preocupa\u00e7\u00e3o com <strong>qualidade de vida e bem-estar<\/strong>. A demanda por profissionais qualificados cresce em diversas \u00e1reas, desde academias e hospitais at\u00e9 empresas que investem na sa\u00fade de seus colaboradores.<\/p>\n\n\n\n<p>Com um diploma da FAESO, o profissional estar\u00e1 apto a atender essa demanda, com um ensino atualizado e alinhado \u00e0s tend\u00eancias do setor.<\/p>\n\n\n\n<h3 class=\"wp-block-heading\"><strong>Infraestrutura moderna e oportunidades para os alunos<\/strong><\/h3>\n\n\n\n<p>\ud83d\udca1 <strong>Diferenciais do curso na FAESO:<\/strong><br>\u2714\ufe0f Laborat\u00f3rios especializados e biblioteca atualizada<br>\u2714\ufe0f Corpo docente altamente qualificado<br>\u2714\ufe0f Incentivo \u00e0 pesquisa, palestras e workshops<br>\u2714\ufe0f Parcerias com institui\u00e7\u00f5es esportivas<\/p>\n\n\n\n<h3 class=\"wp-block-heading\"><strong>Como ingressar no curso de Educa\u00e7\u00e3o F\u00edsica da FAESO?<\/strong><\/h3>\n\n\n\n<p>\ud83d\udccc O curso oferece <strong>200 vagas anuais<\/strong> e funciona no <strong>per\u00edodo noturno<\/strong>, permitindo que os alunos conciliem os estudos com outras atividades.<\/p>\n\n\n\n<p>\ud83d\udccc Para ingressar, os candidatos podem:<br>\ud83d\udd39 Prestar o <strong>vestibular da FAESO<\/strong><br>\ud83d\udd39 Utilizar a <strong>nota do ENEM<\/strong><br>\ud83d\udd39 Optar por <strong>bolsas de estudo e financiamento estudantil<\/strong><\/p>\n\n\n\n<p>\ud83d\ude80 <strong>Garanta sua vaga e comece sua trajet\u00f3ria no mercado de Educa\u00e7\u00e3o F\u00edsica com a FAESO!<\/strong><\/p>\n\n\n\n<p>\ud83d\udccd <em>Saiba mais e inscreva-se no vestibular pelo Whatsapp:<\/em> <a href=\"http:\/\/wa.me\/+5514981820242\" target=\"_blank\" rel=\"noopener\">http:\/\/wa.me\/+5514981820242<\/a><\/p>\n\n\n\n<figure class=\"wp-block-gallery has-nested-images columns-2 is-cropped wp-block-gallery-1 is-layout-flex wp-block-gallery-is-layout-flex\">\n<figure class=\"wp-block-image size-large\"><img decoding=\"async\" width=\"768\" height=\"1024\" data-id=\"4610\" src=\"https:\/\/noticiasregionais.com.br\/wp-content\/uploads\/2025\/03\/WhatsApp-Image-2025-02-21-at-09.12.10-2-768x1024.jpeg\" alt=\"\" class=\"wp-image-4610\" srcset=\"https:\/\/noticiasregionais.com.br\/wp-content\/uploads\/2025\/03\/WhatsApp-Image-2025-02-21-at-09.12.10-2-768x1024.jpeg 768w, https:\/\/noticiasregionais.com.br\/wp-content\/uploads\/2025\/03\/WhatsApp-Image-2025-02-21-at-09.12.10-2-225x300.jpeg 225w, https:\/\/noticiasregionais.com.br\/wp-content\/uploads\/2025\/03\/WhatsApp-Image-2025-02-21-at-09.12.10-2.jpeg 960w\" sizes=\"(max-width: 768px) 100vw, 768px\" \/><\/figure>\n\n\n\n<figure class=\"wp-block-image size-large\"><img decoding=\"async\" width=\"768\" height=\"1024\" data-id=\"4612\" src=\"https:\/\/noticiasregionais.com.br\/wp-content\/uploads\/2025\/03\/WhatsApp-Image-2025-02-21-at-09.12.10-768x1024.jpeg\" alt=\"\" class=\"wp-image-4612\" srcset=\"https:\/\/noticiasregionais.com.br\/wp-content\/uploads\/2025\/03\/WhatsApp-Image-2025-02-21-at-09.12.10-768x1024.jpeg 768w, https:\/\/noticiasregionais.com.br\/wp-content\/uploads\/2025\/03\/WhatsApp-Image-2025-02-21-at-09.12.10-225x300.jpeg 225w, https:\/\/noticiasregionais.com.br\/wp-content\/uploads\/2025\/03\/WhatsApp-Image-2025-02-21-at-09.12.10.jpeg 960w\" sizes=\"(max-width: 768px) 100vw, 768px\" \/><\/figure>\n\n\n\n<figure class=\"wp-block-image size-large\"><img decoding=\"async\" width=\"1024\" height=\"768\" data-id=\"4611\" src=\"https:\/\/noticiasregionais.com.br\/wp-content\/uploads\/2025\/03\/WhatsApp-Image-2025-02-21-at-09.12.10-1-1024x768.jpeg\" alt=\"\" class=\"wp-image-4611\" srcset=\"https:\/\/noticiasregionais.com.br\/wp-content\/uploads\/2025\/03\/WhatsApp-Image-2025-02-21-at-09.12.10-1-1024x768.jpeg 1024w, https:\/\/noticiasregionais.com.br\/wp-content\/uploads\/2025\/03\/WhatsApp-Image-2025-02-21-at-09.12.10-1-300x225.jpeg 300w, https:\/\/noticiasregionais.com.br\/wp-content\/uploads\/2025\/03\/WhatsApp-Image-2025-02-21-at-09.12.10-1-768x576.jpeg 768w, https:\/\/noticiasregionais.com.br\/wp-content\/uploads\/2025\/03\/WhatsApp-Image-2025-02-21-at-09.12.10-1.jpeg 1280w\" sizes=\"(max-width: 1024px) 100vw, 1024px\" \/><\/figure>\n<\/figure>\n<input type=\"hidden\" id=\"baseurl\" value=\"https:\/\/noticiasregionais.com.br\"><input type=\"hidden\" id=\"audio_nonce\" value=\"533fbb67b1\">","protected":false},"excerpt":{"rendered":"<p>A Faculdade Est\u00e1cio de S\u00e1 de Ourinhos (FAESO) se destaca na forma\u00e7\u00e3o de profissionais capacitados para atuar no crescente setor&hellip;<\/p>\n","protected":false},"author":1,"featured_media":4609,"comment_status":"closed","ping_status":"open","sticky":false,"template":"","format":"standard","meta":{"sfsi_plus_gutenberg_text_before_share":"","sfsi_plus_gutenberg_show_text_before_share":"","sfsi_plus_gutenberg_icon_type":"","sfsi_plus_gutenberg_icon_alignemt":"","sfsi_plus_gutenburg_max_per_row":"","footnotes":""},"categories":[5,12,1],"tags":[16],"class_list":["post-4608","post","type-post","status-publish","format-standard","has-post-thumbnail","hentry","category-ourinhos","category-capa","category-noticias","tag-ourinhos"],"_links":{"self":[{"href":"https:\/\/noticiasregionais.com.br\/index.php?rest_route=\/wp\/v2\/posts\/4608","targetHints":{"allow":["GET"]}}],"collection":[{"href":"https:\/\/noticiasregionais.com.br\/index.php?rest_route=\/wp\/v2\/posts"}],"about":[{"href":"https:\/\/noticiasregionais.com.br\/index.php?rest_route=\/wp\/v2\/types\/post"}],"author":[{"embeddable":true,"href":"https:\/\/noticiasregionais.com.br\/index.php?rest_route=\/wp\/v2\/users\/1"}],"replies":[{"embeddable":true,"href":"https:\/\/noticiasregionais.com.br\/index.php?rest_route=%2Fwp%2Fv2%2Fcomments&post=4608"}],"version-history":[{"count":1,"href":"https:\/\/noticiasregionais.com.br\/index.php?rest_route=\/wp\/v2\/posts\/4608\/revisions"}],"predecessor-version":[{"id":4613,"href":"https:\/\/noticiasregionais.com.br\/index.php?rest_route=\/wp\/v2\/posts\/4608\/revisions\/4613"}],"wp:featuredmedia":[{"embeddable":true,"href":"https:\/\/noticiasregionais.com.br\/index.php?rest_route=\/wp\/v2\/media\/4609"}],"wp:attachment":[{"href":"https:\/\/noticiasregionais.com.br\/index.php?rest_route=%2Fwp%2Fv2%2Fmedia&parent=4608"}],"wp:term":[{"taxonomy":"category","embeddable":true,"href":"https:\/\/noticiasregionais.com.br\/index.php?rest_route=%2Fwp%2Fv2%2Fcategories&post=4608"},{"taxonomy":"post_tag","embeddable":true,"href":"https:\/\/noticiasregionais.com.br\/index.php?rest_route=%2Fwp%2Fv2%2Ftags&post=4608"}],"curies":[{"name":"wp","href":"https:\/\/api.w.org\/{rel}","templated":true}]}}