{"id":4616,"date":"2025-03-04T14:02:13","date_gmt":"2025-03-04T17:02:13","guid":{"rendered":"https:\/\/noticiasregionais.com.br\/?p=4616"},"modified":"2025-03-04T14:02:16","modified_gmt":"2025-03-04T17:02:16","slug":"homem-armado-invade-igreja-e-fere-pastor","status":"publish","type":"post","link":"https:\/\/noticiasregionais.com.br\/?p=4616","title":{"rendered":"Homem armado invade igreja e fere pastor"},"content":{"rendered":"\n<p>Na noite da \u00faltima segunda-feira (03), um homem armado com uma faca e um simulacro de arma de fogo invadiu uma igreja no bairro Parque Primavera, em Bauru\/SP, amea\u00e7ando fi\u00e9is e agredindo familiares. O caso mobilizou a equipe do 13\u00b0 Batalh\u00e3o de A\u00e7\u00f5es Especiais de Pol\u00edcia (BAEP), que foi acionada pelo Centro de Opera\u00e7\u00f5es da Pol\u00edcia Militar (COPOM) para conter a situa\u00e7\u00e3o.<\/p>\n\n\n\n<p>Ao chegarem ao local, os policiais encontraram o indiv\u00edduo j\u00e1 detido por populares, por\u00e9m ainda apresentando comportamento agressivo e proferindo repetidas amea\u00e7as de morte contra seus sogros. Testemunhas relataram que o agressor atacou o pastor da igreja, ferindo-o no pulso com um golpe de faca. Al\u00e9m disso, ele agrediu o pr\u00f3prio sogro, enquanto a sogra conseguiu fugir sem ferimentos.<\/p>\n\n\n\n<p>O Servi\u00e7o de Atendimento M\u00f3vel de Urg\u00eancia (SAMU) prestou os primeiros socorros ao pastor, que foi encaminhado para a Unidade de Pronto Atendimento (UPA) Bela Vista. Diante da gravidade dos fatos, o agressor recebeu voz de pris\u00e3o e foi conduzido, juntamente com as v\u00edtimas e as armas apreendidas, ao Distrito Policial de Bauru.<\/p>\n\n\n\n<p>O delegado de plant\u00e3o ratificou a pris\u00e3o do acusado, que agora permanece \u00e0 disposi\u00e7\u00e3o da Justi\u00e7a. O caso foi registrado como les\u00e3o corporal dolosa, amea\u00e7a, vias de fato e descumprimento de medida protetiva.<\/p>\n<input type=\"hidden\" id=\"baseurl\" value=\"https:\/\/noticiasregionais.com.br\"><input type=\"hidden\" id=\"audio_nonce\" value=\"533fbb67b1\">","protected":false},"excerpt":{"rendered":"<p>Na noite da \u00faltima segunda-feira (03), um homem armado com uma faca e um simulacro de arma de fogo invadiu&hellip;<\/p>\n","protected":false},"author":1,"featured_media":4617,"comment_status":"closed","ping_status":"open","sticky":false,"template":"","format":"standard","meta":{"sfsi_plus_gutenberg_text_before_share":"","sfsi_plus_gutenberg_show_text_before_share":"","sfsi_plus_gutenberg_icon_type":"","sfsi_plus_gutenberg_icon_alignemt":"","sfsi_plus_gutenburg_max_per_row":"","footnotes":""},"categories":[6,10,1],"tags":[],"class_list":["post-4616","post","type-post","status-publish","format-standard","has-post-thumbnail","hentry","category-sao_paulo","category-destaques","category-noticias"],"_links":{"self":[{"href":"https:\/\/noticiasregionais.com.br\/index.php?rest_route=\/wp\/v2\/posts\/4616","targetHints":{"allow":["GET"]}}],"collection":[{"href":"https:\/\/noticiasregionais.com.br\/index.php?rest_route=\/wp\/v2\/posts"}],"about":[{"href":"https:\/\/noticiasregionais.com.br\/index.php?rest_route=\/wp\/v2\/types\/post"}],"author":[{"embeddable":true,"href":"https:\/\/noticiasregionais.com.br\/index.php?rest_route=\/wp\/v2\/users\/1"}],"replies":[{"embeddable":true,"href":"https:\/\/noticiasregionais.com.br\/index.php?rest_route=%2Fwp%2Fv2%2Fcomments&post=4616"}],"version-history":[{"count":1,"href":"https:\/\/noticiasregionais.com.br\/index.php?rest_route=\/wp\/v2\/posts\/4616\/revisions"}],"predecessor-version":[{"id":4618,"href":"https:\/\/noticiasregionais.com.br\/index.php?rest_route=\/wp\/v2\/posts\/4616\/revisions\/4618"}],"wp:featuredmedia":[{"embeddable":true,"href":"https:\/\/noticiasregionais.com.br\/index.php?rest_route=\/wp\/v2\/media\/4617"}],"wp:attachment":[{"href":"https:\/\/noticiasregionais.com.br\/index.php?rest_route=%2Fwp%2Fv2%2Fmedia&parent=4616"}],"wp:term":[{"taxonomy":"category","embeddable":true,"href":"https:\/\/noticiasregionais.com.br\/index.php?rest_route=%2Fwp%2Fv2%2Fcategories&post=4616"},{"taxonomy":"post_tag","embeddable":true,"href":"https:\/\/noticiasregionais.com.br\/index.php?rest_route=%2Fwp%2Fv2%2Ftags&post=4616"}],"curies":[{"name":"wp","href":"https:\/\/api.w.org\/{rel}","templated":true}]}}