{"id":4619,"date":"2025-03-05T09:17:38","date_gmt":"2025-03-05T12:17:38","guid":{"rendered":"https:\/\/noticiasregionais.com.br\/?p=4619"},"modified":"2025-03-05T09:17:41","modified_gmt":"2025-03-05T12:17:41","slug":"senado-analisa-aumento-da-pena-para-furto-de-celular","status":"publish","type":"post","link":"https:\/\/noticiasregionais.com.br\/?p=4619","title":{"rendered":"Senado analisa aumento da pena para furto de celular"},"content":{"rendered":"\n<p>O Senado est\u00e1 avaliando um projeto de lei que pode dobrar a pena para furto de celular, tornando o crime qualificado. A proposta, apresentada pelo senador Fl\u00e1vio Bolsonaro (PL-RJ), sugere aumentar a pena de reclus\u00e3o de 1 a 4 anos para um novo intervalo de 4 a 8 anos, al\u00e9m de prever multa para os infratores.<\/p>\n\n\n\n<h3 class=\"wp-block-heading\"><strong>Por que aumentar a pena para furto de celular?<\/strong><\/h3>\n\n\n\n<p>O Projeto de Lei (PL) 494\/2025 foi motivado pelos alarmantes dados da seguran\u00e7a p\u00fablica. Segundo o 18\u00ba Anu\u00e1rio Brasileiro de Seguran\u00e7a P\u00fablica, publicado em 2024, um celular \u00e9 furtado ou roubado a cada <strong>33 segundos<\/strong> no Brasil. Em 2023, foram registrados <strong>937.294 casos<\/strong>, o que equivale a <strong>107 celulares levados por hora<\/strong>.<\/p>\n\n\n\n<h3 class=\"wp-block-heading\"><strong>Invas\u00e3o de privacidade e preju\u00edzo financeiro<\/strong><\/h3>\n\n\n\n<p>Atualmente, os smartphones armazenam informa\u00e7\u00f5es sens\u00edveis, indo muito al\u00e9m de um simples dispositivo de comunica\u00e7\u00e3o. O senador Fl\u00e1vio Bolsonaro argumenta que o furto de celulares n\u00e3o \u00e9 apenas uma quest\u00e3o material, mas tamb\u00e9m um problema de <strong>seguran\u00e7a digital e privacidade<\/strong>.<\/p>\n\n\n\n<p>Criminosos frequentemente acessam <strong>aplica\u00e7\u00f5es banc\u00e1rias<\/strong>, redes sociais e dados pessoais, causando <strong>grandes preju\u00edzos financeiros<\/strong>. Em alguns casos, as v\u00edtimas t\u00eam suas contas esvaziadas, ampliando o impacto desse tipo de crime.<\/p>\n\n\n\n<h3 class=\"wp-block-heading\"><strong>Pr\u00f3ximos passos do projeto<\/strong><\/h3>\n\n\n\n<p>O PL 494\/2025 ainda aguarda despacho na Mesa do Senado para defini\u00e7\u00e3o das comiss\u00f5es que o analisar\u00e3o antes da vota\u00e7\u00e3o. Se aprovado, a nova legisla\u00e7\u00e3o endurecer\u00e1 as penalidades, buscando reduzir a criminalidade e aumentar a prote\u00e7\u00e3o aos cidad\u00e3os.<\/p>\n\n\n\n<p>Fique por dentro das atualiza\u00e7\u00f5es sobre esse e outros projetos de seguran\u00e7a p\u00fablica. Compartilhe sua opini\u00e3o nos coment\u00e1rios!<\/p>\n<input type=\"hidden\" id=\"baseurl\" value=\"https:\/\/noticiasregionais.com.br\"><input type=\"hidden\" id=\"audio_nonce\" value=\"d7ad76df66\">","protected":false},"excerpt":{"rendered":"<p>O Senado est\u00e1 avaliando um projeto de lei que pode dobrar a pena para furto de celular, tornando o crime&hellip;<\/p>\n","protected":false},"author":1,"featured_media":4620,"comment_status":"closed","ping_status":"open","sticky":false,"template":"","format":"standard","meta":{"sfsi_plus_gutenberg_text_before_share":"","sfsi_plus_gutenberg_show_text_before_share":"","sfsi_plus_gutenberg_icon_type":"","sfsi_plus_gutenberg_icon_alignemt":"","sfsi_plus_gutenburg_max_per_row":"","footnotes":""},"categories":[8,10,1],"tags":[],"class_list":["post-4619","post","type-post","status-publish","format-standard","has-post-thumbnail","hentry","category-brasil","category-destaques","category-noticias"],"_links":{"self":[{"href":"https:\/\/noticiasregionais.com.br\/index.php?rest_route=\/wp\/v2\/posts\/4619","targetHints":{"allow":["GET"]}}],"collection":[{"href":"https:\/\/noticiasregionais.com.br\/index.php?rest_route=\/wp\/v2\/posts"}],"about":[{"href":"https:\/\/noticiasregionais.com.br\/index.php?rest_route=\/wp\/v2\/types\/post"}],"author":[{"embeddable":true,"href":"https:\/\/noticiasregionais.com.br\/index.php?rest_route=\/wp\/v2\/users\/1"}],"replies":[{"embeddable":true,"href":"https:\/\/noticiasregionais.com.br\/index.php?rest_route=%2Fwp%2Fv2%2Fcomments&post=4619"}],"version-history":[{"count":1,"href":"https:\/\/noticiasregionais.com.br\/index.php?rest_route=\/wp\/v2\/posts\/4619\/revisions"}],"predecessor-version":[{"id":4621,"href":"https:\/\/noticiasregionais.com.br\/index.php?rest_route=\/wp\/v2\/posts\/4619\/revisions\/4621"}],"wp:featuredmedia":[{"embeddable":true,"href":"https:\/\/noticiasregionais.com.br\/index.php?rest_route=\/wp\/v2\/media\/4620"}],"wp:attachment":[{"href":"https:\/\/noticiasregionais.com.br\/index.php?rest_route=%2Fwp%2Fv2%2Fmedia&parent=4619"}],"wp:term":[{"taxonomy":"category","embeddable":true,"href":"https:\/\/noticiasregionais.com.br\/index.php?rest_route=%2Fwp%2Fv2%2Fcategories&post=4619"},{"taxonomy":"post_tag","embeddable":true,"href":"https:\/\/noticiasregionais.com.br\/index.php?rest_route=%2Fwp%2Fv2%2Ftags&post=4619"}],"curies":[{"name":"wp","href":"https:\/\/api.w.org\/{rel}","templated":true}]}}