{"id":4622,"date":"2025-03-05T10:04:12","date_gmt":"2025-03-05T13:04:12","guid":{"rendered":"https:\/\/noticiasregionais.com.br\/?p=4622"},"modified":"2025-03-05T10:04:15","modified_gmt":"2025-03-05T13:04:15","slug":"jovem-sofre-convulsao-em-aula-de-natacao-e-prontamente-socorrido-mas-nao-resiste","status":"publish","type":"post","link":"https:\/\/noticiasregionais.com.br\/?p=4622","title":{"rendered":"Jovem sofre convuls\u00e3o em aula de nata\u00e7\u00e3o, \u00e9 prontamente socorrido, mas n\u00e3o resiste"},"content":{"rendered":"\n<p>Morreu na madrugada desta quarta-feira, 5, na Santa Casa de Miseric\u00f3rdia de Ourinhos, o jovem Andr\u00e9 Felipe dos Santos Santana, de 33 anos. Ele sofreu uma convuls\u00e3o e entrou em parada card\u00edaca enquanto participava de uma aula de nata\u00e7\u00e3o no Complexo Esportivo Monstrinho, em Ourinhos, na \u00faltima quinta-feira, 27 de fevereiro de 2025.<\/p>\n\n\n\n<p>Segundo a Prefeitura de Ourinhos, a equipe respons\u00e1vel pela atividade agiu rapidamente, prestando atendimento imediato ao jovem. Profissionais que acompanhavam a aula iniciaram os primeiros socorros ainda dentro da piscina, realizando manobras de reanima\u00e7\u00e3o cardiopulmonar (RCP) at\u00e9 a chegada do Servi\u00e7o de Atendimento M\u00f3vel de Urg\u00eancia (SAMU), que deu continuidade ao atendimento e o encaminhou para a Santa Casa de Ourinhos.<\/p>\n\n\n\n<p>Apesar dos esfor\u00e7os da equipe de emerg\u00eancia e dos profissionais de sa\u00fade, Andr\u00e9 Felipe n\u00e3o resistiu e veio a \u00f3bito.<\/p>\n\n\n\n<p>Diante da gravidade do ocorrido, a administra\u00e7\u00e3o municipal anunciou a abertura de uma sindic\u00e2ncia para investigar os fatos e eventuais responsabilidades sobre o acidente.<\/p>\n\n\n\n<p>O jovem era aluno e frequentador da APAE (Associa\u00e7\u00e3o de Pais e Amigos dos Excepcionais). Seu vel\u00f3rio acontece no Vel\u00f3rio Municipal de Ourinhos, e o sepultamento est\u00e1 marcado para esta quarta-feira, 5, \u00e0s 16h30, no Cemit\u00e9rio Municipal de Ourinhos.<\/p>\n\n\n\n<p>O prefeito municipal de Ourinhos, Guilherme Gon\u00e7alves, lamentou a perda em uma postagem nas redes sociais, onde tamb\u00e9m compartilhou uma foto ao lado de Andr\u00e9. Na mensagem, ele escreveu: &#8220;Andr\u00e9, voc\u00ea sempre foi um menino amoroso, humano e muito especial pra n\u00f3s, assim como sua mam\u00e3e guerreira, Lurdinha. Oramos tanto por ti, mas Deus o quis do lado dele. Que Deus possa consolar sua fam\u00edlia, que o Esp\u00edrito Santo acalente os cora\u00e7\u00f5es. Estamos de luto.&#8221;<\/p>\n\n\n<div class=\"wp-block-image\">\n<figure class=\"aligncenter size-full\"><img decoding=\"async\" width=\"510\" height=\"696\" src=\"https:\/\/noticiasregionais.com.br\/wp-content\/uploads\/2025\/03\/Guilherme-e-Andre.jpg\" alt=\"\" class=\"wp-image-4624\" srcset=\"https:\/\/noticiasregionais.com.br\/wp-content\/uploads\/2025\/03\/Guilherme-e-Andre.jpg 510w, https:\/\/noticiasregionais.com.br\/wp-content\/uploads\/2025\/03\/Guilherme-e-Andre-220x300.jpg 220w\" sizes=\"(max-width: 510px) 100vw, 510px\" \/><\/figure>\n<\/div><input type=\"hidden\" id=\"baseurl\" value=\"https:\/\/noticiasregionais.com.br\"><input type=\"hidden\" id=\"audio_nonce\" value=\"533fbb67b1\">","protected":false},"excerpt":{"rendered":"<p>Morreu na madrugada desta quarta-feira, 5, na Santa Casa de Miseric\u00f3rdia de Ourinhos, o jovem Andr\u00e9 Felipe dos Santos Santana,&hellip;<\/p>\n","protected":false},"author":1,"featured_media":4623,"comment_status":"closed","ping_status":"open","sticky":false,"template":"","format":"standard","meta":{"sfsi_plus_gutenberg_text_before_share":"","sfsi_plus_gutenberg_show_text_before_share":"","sfsi_plus_gutenberg_icon_type":"","sfsi_plus_gutenberg_icon_alignemt":"","sfsi_plus_gutenburg_max_per_row":"","footnotes":""},"categories":[5,12,1],"tags":[16],"class_list":["post-4622","post","type-post","status-publish","format-standard","has-post-thumbnail","hentry","category-ourinhos","category-capa","category-noticias","tag-ourinhos"],"_links":{"self":[{"href":"https:\/\/noticiasregionais.com.br\/index.php?rest_route=\/wp\/v2\/posts\/4622","targetHints":{"allow":["GET"]}}],"collection":[{"href":"https:\/\/noticiasregionais.com.br\/index.php?rest_route=\/wp\/v2\/posts"}],"about":[{"href":"https:\/\/noticiasregionais.com.br\/index.php?rest_route=\/wp\/v2\/types\/post"}],"author":[{"embeddable":true,"href":"https:\/\/noticiasregionais.com.br\/index.php?rest_route=\/wp\/v2\/users\/1"}],"replies":[{"embeddable":true,"href":"https:\/\/noticiasregionais.com.br\/index.php?rest_route=%2Fwp%2Fv2%2Fcomments&post=4622"}],"version-history":[{"count":1,"href":"https:\/\/noticiasregionais.com.br\/index.php?rest_route=\/wp\/v2\/posts\/4622\/revisions"}],"predecessor-version":[{"id":4625,"href":"https:\/\/noticiasregionais.com.br\/index.php?rest_route=\/wp\/v2\/posts\/4622\/revisions\/4625"}],"wp:featuredmedia":[{"embeddable":true,"href":"https:\/\/noticiasregionais.com.br\/index.php?rest_route=\/wp\/v2\/media\/4623"}],"wp:attachment":[{"href":"https:\/\/noticiasregionais.com.br\/index.php?rest_route=%2Fwp%2Fv2%2Fmedia&parent=4622"}],"wp:term":[{"taxonomy":"category","embeddable":true,"href":"https:\/\/noticiasregionais.com.br\/index.php?rest_route=%2Fwp%2Fv2%2Fcategories&post=4622"},{"taxonomy":"post_tag","embeddable":true,"href":"https:\/\/noticiasregionais.com.br\/index.php?rest_route=%2Fwp%2Fv2%2Ftags&post=4622"}],"curies":[{"name":"wp","href":"https:\/\/api.w.org\/{rel}","templated":true}]}}