{"id":4626,"date":"2025-03-05T11:25:44","date_gmt":"2025-03-05T14:25:44","guid":{"rendered":"https:\/\/noticiasregionais.com.br\/?p=4626"},"modified":"2025-03-05T11:25:46","modified_gmt":"2025-03-05T14:25:46","slug":"prf-flagra-caminhao-com-placa-de-motocicleta-em-guaimbe-sp","status":"publish","type":"post","link":"https:\/\/noticiasregionais.com.br\/?p=4626","title":{"rendered":"PRF flagra caminh\u00e3o com placa de motocicleta em Guaimb\u00ea\/SP"},"content":{"rendered":"\n<p>Na noite da \u00faltima segunda-feira (3), a Pol\u00edcia Rodovi\u00e1ria Federal (PRF) atendeu a um acidente envolvendo uma carreta de transporte de produtos perigosos em Guaimb\u00ea, interior de S\u00e3o Paulo. O motorista, felizmente, saiu ileso e o ve\u00edculo estava sem carga no momento do ocorrido. No entanto, ele foi autuado por se recusar a realizar o teste do baf\u00f4metro.<\/p>\n\n\n\n<p>O que mais chamou a aten\u00e7\u00e3o dos agentes foi a irregularidade na identifica\u00e7\u00e3o do caminh\u00e3o. O cavalo mec\u00e2nico apresentava placas dianteira e traseira diferentes. Ao verificarem a de tr\u00e1s, os policiais constataram que a numera\u00e7\u00e3o pertencia a uma motocicleta. O erro foi identificado como uma invers\u00e3o das letras na 2\u00aa e 3\u00aa posi\u00e7\u00f5es da placa.<\/p>\n\n\n\n<p>Al\u00e9m disso, a placa incorreta impossibilitava a leitura do QR Code, impedindo a confer\u00eancia do registro original do ve\u00edculo. Diante da suspeita de adultera\u00e7\u00e3o de sinal identificador de ve\u00edculo automotor, o motorista, um homem de 35 anos, foi encaminhado \u00e0 delegacia de Lins para averigua\u00e7\u00e3o.<\/p>\n\n\n\n<p>A ocorr\u00eancia est\u00e1 sendo investigada com base no artigo 311 do C\u00f3digo Penal, que trata do crime de adulterar ou remarcar sinal identificador de ve\u00edculo automotor. A pena prevista para esse delito \u00e9 de reclus\u00e3o de tr\u00eas a seis anos, al\u00e9m de multa.<\/p>\n\n\n\n<h3 class=\"wp-block-heading\">Adulterar Placa de Ve\u00edculo \u00e9 Crime Grave<\/h3>\n\n\n\n<p>A falsifica\u00e7\u00e3o de placas veiculares pode acarretar graves penalidades e consequ\u00eancias legais. Os motoristas devem estar atentos \u00e0 regularidade da documenta\u00e7\u00e3o de seus ve\u00edculos para evitar complica\u00e7\u00f5es com a justi\u00e7a. A PRF segue intensificando fiscaliza\u00e7\u00f5es para coibir fraudes e garantir a seguran\u00e7a nas estradas brasileiras.<\/p>\n\n\n\n<h3 class=\"wp-block-heading\">Leia Mais<\/h3>\n\n\n\n<ul class=\"wp-block-list\">\n<li><a>Como regularizar a placa do seu ve\u00edculo<\/a><\/li>\n\n\n\n<li><a>O que fazer ao ser parado em uma blitze policial<\/a><\/li>\n\n\n\n<li><a>Infra\u00e7\u00f5es mais comuns e suas penalidades<\/a><\/li>\n<\/ul>\n<input type=\"hidden\" id=\"baseurl\" value=\"https:\/\/noticiasregionais.com.br\"><input type=\"hidden\" id=\"audio_nonce\" value=\"533fbb67b1\">","protected":false},"excerpt":{"rendered":"<p>Na noite da \u00faltima segunda-feira (3), a Pol\u00edcia Rodovi\u00e1ria Federal (PRF) atendeu a um acidente envolvendo uma carreta de transporte&hellip;<\/p>\n","protected":false},"author":1,"featured_media":4627,"comment_status":"closed","ping_status":"open","sticky":false,"template":"","format":"standard","meta":{"sfsi_plus_gutenberg_text_before_share":"","sfsi_plus_gutenberg_show_text_before_share":"","sfsi_plus_gutenberg_icon_type":"","sfsi_plus_gutenberg_icon_alignemt":"","sfsi_plus_gutenburg_max_per_row":"","footnotes":""},"categories":[6,10,1],"tags":[28],"class_list":["post-4626","post","type-post","status-publish","format-standard","has-post-thumbnail","hentry","category-sao_paulo","category-destaques","category-noticias","tag-guaimbe"],"_links":{"self":[{"href":"https:\/\/noticiasregionais.com.br\/index.php?rest_route=\/wp\/v2\/posts\/4626","targetHints":{"allow":["GET"]}}],"collection":[{"href":"https:\/\/noticiasregionais.com.br\/index.php?rest_route=\/wp\/v2\/posts"}],"about":[{"href":"https:\/\/noticiasregionais.com.br\/index.php?rest_route=\/wp\/v2\/types\/post"}],"author":[{"embeddable":true,"href":"https:\/\/noticiasregionais.com.br\/index.php?rest_route=\/wp\/v2\/users\/1"}],"replies":[{"embeddable":true,"href":"https:\/\/noticiasregionais.com.br\/index.php?rest_route=%2Fwp%2Fv2%2Fcomments&post=4626"}],"version-history":[{"count":1,"href":"https:\/\/noticiasregionais.com.br\/index.php?rest_route=\/wp\/v2\/posts\/4626\/revisions"}],"predecessor-version":[{"id":4628,"href":"https:\/\/noticiasregionais.com.br\/index.php?rest_route=\/wp\/v2\/posts\/4626\/revisions\/4628"}],"wp:featuredmedia":[{"embeddable":true,"href":"https:\/\/noticiasregionais.com.br\/index.php?rest_route=\/wp\/v2\/media\/4627"}],"wp:attachment":[{"href":"https:\/\/noticiasregionais.com.br\/index.php?rest_route=%2Fwp%2Fv2%2Fmedia&parent=4626"}],"wp:term":[{"taxonomy":"category","embeddable":true,"href":"https:\/\/noticiasregionais.com.br\/index.php?rest_route=%2Fwp%2Fv2%2Fcategories&post=4626"},{"taxonomy":"post_tag","embeddable":true,"href":"https:\/\/noticiasregionais.com.br\/index.php?rest_route=%2Fwp%2Fv2%2Ftags&post=4626"}],"curies":[{"name":"wp","href":"https:\/\/api.w.org\/{rel}","templated":true}]}}