{"id":4629,"date":"2025-03-05T11:37:51","date_gmt":"2025-03-05T14:37:51","guid":{"rendered":"https:\/\/noticiasregionais.com.br\/?p=4629"},"modified":"2025-03-05T11:37:54","modified_gmt":"2025-03-05T14:37:54","slug":"quarta-feira-de-cinzas-tem-fluxo-tranquilo-nas-rodovias-do-parana","status":"publish","type":"post","link":"https:\/\/noticiasregionais.com.br\/?p=4629","title":{"rendered":"Quarta-feira de Cinzas tem fluxo tranquilo nas rodovias do Paran\u00e1"},"content":{"rendered":"\n<p>A Quarta-feira de Cinzas come\u00e7ou com boas condi\u00e7\u00f5es de tr\u00e1fego na maioria das rodovias sob concess\u00e3o da EPR Litoral Pioneiro, de acordo com a concession\u00e1ria respons\u00e1vel pela administra\u00e7\u00e3o das vias.<\/p>\n\n\n\n<p>Na BR-277, que liga Curitiba a Paranagu\u00e1, o fluxo de ve\u00edculos segue tranquilo nos dois sentidos na manh\u00e3 desta quarta-feira (6). Segundo dados da concession\u00e1ria, cerca de 1,2 mil ve\u00edculos passaram pela pra\u00e7a de ped\u00e1gio de S\u00e3o Jos\u00e9 dos Pinhais em dire\u00e7\u00e3o \u00e0 capital paranaense na \u00faltima hora. A expectativa para o dia \u00e9 de que aproximadamente 37 mil ve\u00edculos utilizem a rodovia.<\/p>\n\n\n\n<p>Na ter\u00e7a-feira (5), o movimento na BR-277 foi mais intenso, com um total de 42 mil ve\u00edculos transitando nos dois sentidos da via. Apesar do grande volume registrado, o tr\u00e1fego fluiu sem grandes intercorr\u00eancias.<\/p>\n\n\n\n<p>Nas demais rodovias administradas pela EPR Litoral Pioneiro, o tr\u00e1fego tamb\u00e9m segue dentro da normalidade nesta manh\u00e3, sem registros de congestionamentos ou ocorr\u00eancias graves.<\/p>\n\n\n\n<p>A orienta\u00e7\u00e3o para os motoristas que retornam do feriado de Carnaval \u00e9 de que dirijam com aten\u00e7\u00e3o, respeitem os limites de velocidade e fiquem atentos \u00e0s condi\u00e7\u00f5es do tr\u00e2nsito, garantindo uma viagem segura para todos.<\/p>\n<input type=\"hidden\" id=\"baseurl\" value=\"https:\/\/noticiasregionais.com.br\"><input type=\"hidden\" id=\"audio_nonce\" value=\"533fbb67b1\">","protected":false},"excerpt":{"rendered":"<p>A Quarta-feira de Cinzas come\u00e7ou com boas condi\u00e7\u00f5es de tr\u00e1fego na maioria das rodovias sob concess\u00e3o da EPR Litoral Pioneiro,&hellip;<\/p>\n","protected":false},"author":1,"featured_media":4630,"comment_status":"closed","ping_status":"open","sticky":false,"template":"","format":"standard","meta":{"sfsi_plus_gutenberg_text_before_share":"","sfsi_plus_gutenberg_show_text_before_share":"","sfsi_plus_gutenberg_icon_type":"","sfsi_plus_gutenberg_icon_alignemt":"","sfsi_plus_gutenburg_max_per_row":"","footnotes":""},"categories":[7,10,1],"tags":[],"class_list":["post-4629","post","type-post","status-publish","format-standard","has-post-thumbnail","hentry","category-parana","category-destaques","category-noticias"],"_links":{"self":[{"href":"https:\/\/noticiasregionais.com.br\/index.php?rest_route=\/wp\/v2\/posts\/4629","targetHints":{"allow":["GET"]}}],"collection":[{"href":"https:\/\/noticiasregionais.com.br\/index.php?rest_route=\/wp\/v2\/posts"}],"about":[{"href":"https:\/\/noticiasregionais.com.br\/index.php?rest_route=\/wp\/v2\/types\/post"}],"author":[{"embeddable":true,"href":"https:\/\/noticiasregionais.com.br\/index.php?rest_route=\/wp\/v2\/users\/1"}],"replies":[{"embeddable":true,"href":"https:\/\/noticiasregionais.com.br\/index.php?rest_route=%2Fwp%2Fv2%2Fcomments&post=4629"}],"version-history":[{"count":1,"href":"https:\/\/noticiasregionais.com.br\/index.php?rest_route=\/wp\/v2\/posts\/4629\/revisions"}],"predecessor-version":[{"id":4631,"href":"https:\/\/noticiasregionais.com.br\/index.php?rest_route=\/wp\/v2\/posts\/4629\/revisions\/4631"}],"wp:featuredmedia":[{"embeddable":true,"href":"https:\/\/noticiasregionais.com.br\/index.php?rest_route=\/wp\/v2\/media\/4630"}],"wp:attachment":[{"href":"https:\/\/noticiasregionais.com.br\/index.php?rest_route=%2Fwp%2Fv2%2Fmedia&parent=4629"}],"wp:term":[{"taxonomy":"category","embeddable":true,"href":"https:\/\/noticiasregionais.com.br\/index.php?rest_route=%2Fwp%2Fv2%2Fcategories&post=4629"},{"taxonomy":"post_tag","embeddable":true,"href":"https:\/\/noticiasregionais.com.br\/index.php?rest_route=%2Fwp%2Fv2%2Ftags&post=4629"}],"curies":[{"name":"wp","href":"https:\/\/api.w.org\/{rel}","templated":true}]}}