{"id":4632,"date":"2025-03-06T15:32:35","date_gmt":"2025-03-06T18:32:35","guid":{"rendered":"https:\/\/noticiasregionais.com.br\/?p=4632"},"modified":"2025-03-06T15:32:46","modified_gmt":"2025-03-06T18:32:46","slug":"prf-apreende-55-toneladas-de-maconha-em-urai-parana","status":"publish","type":"post","link":"https:\/\/noticiasregionais.com.br\/?p=4632","title":{"rendered":"PRF Apreende 5,5 Toneladas de Maconha em Ura\u00ed, Paran\u00e1"},"content":{"rendered":"\n<p>Na manh\u00e3 desta quinta-feira (6), a Pol\u00edcia Rodovi\u00e1ria Federal (PRF) realizou uma grande apreens\u00e3o de drogas na BR-369, no munic\u00edpio de Ura\u00ed, no norte do Paran\u00e1. Uma carreta com placas paraguaias foi interceptada pelos agentes, mas o condutor desobedeceu a ordem de parada e fugiu a p\u00e9 para uma \u00e1rea de mata, abandonando o ve\u00edculo.<\/p>\n\n\n\n<p>No compartimento de carga da carreta, os policiais encontraram diversos fardos de maconha. Inicialmente, a estimativa era de que a quantidade da droga apreendida variava entre 2 e 3 toneladas. No entanto, ap\u00f3s a pesagem oficial, foi confirmado um total de 5,5 toneladas da subst\u00e2ncia il\u00edcita.<\/p>\n\n\n\n<p>Buscas continuam sendo realizadas na regi\u00e3o para localizar o motorista foragido. A ocorr\u00eancia foi encaminhada para a Pol\u00edcia Federal de Londrina, que dar\u00e1 prosseguimento \u00e0s investiga\u00e7\u00f5es e adotar\u00e1 as medidas cab\u00edveis.<\/p>\n\n\n\n<p>A apreens\u00e3o representa um duro golpe ao tr\u00e1fico de drogas e refor\u00e7a a import\u00e2ncia da fiscaliza\u00e7\u00e3o nas rodovias para combater crimes transnacionais. A PRF segue intensificando o monitoramento nas estradas para garantir a seguran\u00e7a da popula\u00e7\u00e3o e impedir o avan\u00e7o do narcotr\u00e1fico.<\/p>\n\n\n<div class=\"wp-block-image\">\n<figure class=\"aligncenter size-large\"><img decoding=\"async\" width=\"1024\" height=\"576\" src=\"https:\/\/noticiasregionais.com.br\/wp-content\/uploads\/2025\/03\/WhatsApp-Image-2025-03-06-at-13.17.47-1024x576.jpeg\" alt=\"\" class=\"wp-image-4634\" srcset=\"https:\/\/noticiasregionais.com.br\/wp-content\/uploads\/2025\/03\/WhatsApp-Image-2025-03-06-at-13.17.47-1024x576.jpeg 1024w, https:\/\/noticiasregionais.com.br\/wp-content\/uploads\/2025\/03\/WhatsApp-Image-2025-03-06-at-13.17.47-300x169.jpeg 300w, https:\/\/noticiasregionais.com.br\/wp-content\/uploads\/2025\/03\/WhatsApp-Image-2025-03-06-at-13.17.47-768x432.jpeg 768w, https:\/\/noticiasregionais.com.br\/wp-content\/uploads\/2025\/03\/WhatsApp-Image-2025-03-06-at-13.17.47.jpeg 1280w\" sizes=\"(max-width: 1024px) 100vw, 1024px\" \/><\/figure>\n<\/div><input type=\"hidden\" id=\"baseurl\" value=\"https:\/\/noticiasregionais.com.br\"><input type=\"hidden\" id=\"audio_nonce\" value=\"533fbb67b1\">","protected":false},"excerpt":{"rendered":"<p>Na manh\u00e3 desta quinta-feira (6), a Pol\u00edcia Rodovi\u00e1ria Federal (PRF) realizou uma grande apreens\u00e3o de drogas na BR-369, no munic\u00edpio&hellip;<\/p>\n","protected":false},"author":1,"featured_media":4633,"comment_status":"closed","ping_status":"open","sticky":false,"template":"","format":"standard","meta":{"sfsi_plus_gutenberg_text_before_share":"","sfsi_plus_gutenberg_show_text_before_share":"","sfsi_plus_gutenberg_icon_type":"","sfsi_plus_gutenberg_icon_alignemt":"","sfsi_plus_gutenburg_max_per_row":"","footnotes":""},"categories":[7,10,1],"tags":[29],"class_list":["post-4632","post","type-post","status-publish","format-standard","has-post-thumbnail","hentry","category-parana","category-destaques","category-noticias","tag-urai"],"_links":{"self":[{"href":"https:\/\/noticiasregionais.com.br\/index.php?rest_route=\/wp\/v2\/posts\/4632","targetHints":{"allow":["GET"]}}],"collection":[{"href":"https:\/\/noticiasregionais.com.br\/index.php?rest_route=\/wp\/v2\/posts"}],"about":[{"href":"https:\/\/noticiasregionais.com.br\/index.php?rest_route=\/wp\/v2\/types\/post"}],"author":[{"embeddable":true,"href":"https:\/\/noticiasregionais.com.br\/index.php?rest_route=\/wp\/v2\/users\/1"}],"replies":[{"embeddable":true,"href":"https:\/\/noticiasregionais.com.br\/index.php?rest_route=%2Fwp%2Fv2%2Fcomments&post=4632"}],"version-history":[{"count":1,"href":"https:\/\/noticiasregionais.com.br\/index.php?rest_route=\/wp\/v2\/posts\/4632\/revisions"}],"predecessor-version":[{"id":4635,"href":"https:\/\/noticiasregionais.com.br\/index.php?rest_route=\/wp\/v2\/posts\/4632\/revisions\/4635"}],"wp:featuredmedia":[{"embeddable":true,"href":"https:\/\/noticiasregionais.com.br\/index.php?rest_route=\/wp\/v2\/media\/4633"}],"wp:attachment":[{"href":"https:\/\/noticiasregionais.com.br\/index.php?rest_route=%2Fwp%2Fv2%2Fmedia&parent=4632"}],"wp:term":[{"taxonomy":"category","embeddable":true,"href":"https:\/\/noticiasregionais.com.br\/index.php?rest_route=%2Fwp%2Fv2%2Fcategories&post=4632"},{"taxonomy":"post_tag","embeddable":true,"href":"https:\/\/noticiasregionais.com.br\/index.php?rest_route=%2Fwp%2Fv2%2Ftags&post=4632"}],"curies":[{"name":"wp","href":"https:\/\/api.w.org\/{rel}","templated":true}]}}