{"id":4636,"date":"2025-03-06T15:54:15","date_gmt":"2025-03-06T18:54:15","guid":{"rendered":"https:\/\/noticiasregionais.com.br\/?p=4636"},"modified":"2025-03-06T16:05:09","modified_gmt":"2025-03-06T19:05:09","slug":"descubra-com-a-psicologa-ariane-mendes-como-a-tcc-funciona-seus-beneficios-e-o-que-esperar-das-sessoes-de-terapia","status":"publish","type":"post","link":"https:\/\/noticiasregionais.com.br\/?p=4636","title":{"rendered":"Descubra com a Psic\u00f3loga Ariane Mendes como a TCC funciona, seus benef\u00edcios e o que esperar das sess\u00f5es de terapia"},"content":{"rendered":"\n<p class=\"has-text-align-center\"><strong>Mas afinal, o que \u00e9 a TCC? <em>(Terapia Cognitivo-Comportamental)<\/em><\/strong><\/p>\n\n\n\n<p class=\"has-text-align-center\"><strong>Por Ariane Mendes &#8211; Psic\u00f3loga &#8211; CRP: 06\/213356<\/strong><\/p>\n\n\n\n<p>Felizmente, os assuntos relacionados com a sa\u00fade mental est\u00e3o cada vez mais em alta, por\u00e9m ainda sim, existe um certo tabu em aceitar ou at\u00e9 mesmo verbalizar que est\u00e1 passando por atendimento psiqui\u00e1trico ou psicol\u00f3gico. Aquele velho clich\u00ea de sempre: <em>\u201ceu n\u00e3o sou louco, n\u00e3o preciso de terapia\u201d<\/em>.<\/p>\n\n\n\n<p>Mas sabemos que n\u00e3o \u00e9 bem assim, &nbsp;j\u00e1 dizia Selton Mello ator e diretor da s\u00e9ria Sess\u00e3o de Terapia (dispon\u00edvel no Globo Play) e ator do filme Ainda Estou Aqui, que recentemente ganhou o Oscar de melhor filme internacional, <em>\u201c&#8230;ainda tem uma coisa de que terapia \u00e9 frescura, pra doido. N\u00e3o, terapia n\u00e3o \u00e9 pra doido n\u00e3o. \u00c9 pra gente muito s\u00e3 que teve a sagacidade de falar assim: \u00b4pera\u00ed, deixa eu me organizar emocionalmente\u00b4&#8230;\u201d<\/em><\/p>\n\n\n\n<p>E por falar em terapia, na d\u00e9cada de 60 o Psiquiatra Aron Beck desenvolveu o que conhecemos hoje como <strong>Terapia Cognitivo-Comportamental,<\/strong> e que nada mais \u00e9 do que uma abordagem da Psicologia, uma das linhas que alguns psic\u00f3logos cl\u00ednicos seguem para realizar seus atendimentos. Alguns escolhem pela Psican\u00e1lise, outros pela Humanista, alguns optam pela Gestalt e por a\u00ed vai.<\/p>\n\n\n\n<p>A TCC de Beck, tem como objetivo auxiliar o paciente a identificar e modificar seus padr\u00f5es de pensamentos e comportamentos disfuncionais. Ap\u00f3s identificar esses padr\u00f5es de pensamentos, comportamentos e cren\u00e7as disfuncionais, o psic\u00f3logo em conjunto com o paciente, desenvolve ferramentas de enfrentamento que produzam mudan\u00e7as nesses pensamentos e comportamentos que afetam a sa\u00fade mental, proporcionando assim uma maior autonomia do paciente.<\/p>\n\n\n\n<p>Essa abordagem da Psicologia, se orienta no sintoma, no problema atual do paciente. Tem o foco no presente, mas \u00e9 claro, que sem deixar de lado a hist\u00f3ria de vida de cada indiv\u00edduo, e por se orientar no problema atual, a TCC \u00e9 voltada para uma meta, para um objetivo espec\u00edfico. Al\u00e9m de ser voltada para a\u00e7\u00e3o e n\u00e3o apenas para tomada de consci\u00eancia.<\/p>\n\n\n\n<p>\u00c9 uma abordagem com maior n\u00famero de ensaios cl\u00ednicos que demonstram sua efetividade, sendo assim, \u00e9 considerada como uma pr\u00e1tica baseada em evid\u00eancias cient\u00edficas.<\/p>\n\n\n\n<p>Agora que entendemos um pouco sobre a Terapia Cognitivo-Comportamental, vamos falar sobre as principais d\u00favidas sobre uma sess\u00e3o de terapia:<\/p>\n\n\n\n<ul class=\"wp-block-list\">\n<li><strong>Quanto tempo dura uma sess\u00e3o?<\/strong><\/li>\n<\/ul>\n\n\n\n<p>As sess\u00f5es embasadas na abordagem da TCC, geralmente tem dura\u00e7\u00e3o de 50 minutos, tanto nos atendimentos presenciais quanto nos atendimentos online;<\/p>\n\n\n\n<ul class=\"wp-block-list\">\n<li><strong>Qual a frequ\u00eancia das sess\u00f5es?<\/strong><\/li>\n<\/ul>\n\n\n\n<p>As sess\u00f5es normalmente ocorrem de forma semanal. Em alguns casos espec\u00edficos podem ser realizadas mais de uma vez na semana. N\u00e3o \u00e9 aconselhado sess\u00f5es quinzenais, principalmente no in\u00edcio do tratamento. Os espa\u00e7amentos entre sess\u00f5es s\u00e3o recomendados pr\u00f3ximo ao per\u00edodo de alta do paciente.<\/p>\n\n\n\n<ul class=\"wp-block-list\">\n<li><strong>Como funciona a sess\u00e3o de terapia?<\/strong><\/li>\n<\/ul>\n\n\n\n<p>S\u00e3o sess\u00f5es estruturadas, onde ocorre uma colabora\u00e7\u00e3o m\u00fatua entre psic\u00f3logo e paciente. Tem o foco no presente, trabalha com metas e \u00e9 voltada para a resolu\u00e7\u00e3o de problemas. As sess\u00f5es possuem uma certa caracter\u00edstica pedag\u00f3gica (da qual chamamos de psicoeduca\u00e7\u00e3o). Utilizamos de estrat\u00e9gias e t\u00e9cnicas e o paciente realiza Planos de A\u00e7\u00f5es no intervalo entre uma sess\u00e3o e outra.<\/p>\n\n\n\n<p class=\"has-text-align-center\">&nbsp;&nbsp;&nbsp;&nbsp;&nbsp;&nbsp;&nbsp;&nbsp;&nbsp;&nbsp;&nbsp; Quer come\u00e7ar a terapia e n\u00e3o sabe como? Eu posso te ajudar<\/p>\n\n\n\n<div class=\"wp-block-columns is-layout-flex wp-container-core-columns-is-layout-9d6595d7 wp-block-columns-is-layout-flex\">\n<div class=\"wp-block-column is-layout-flow wp-block-column-is-layout-flow\" style=\"flex-basis:50%\">\n<p class=\"has-text-align-center\"><strong>Quem sou eu:<\/strong><br><br>Psic\u00f3loga cl\u00ednica, especialista em Gest\u00e3o Estrat\u00e9gica de Pessoas, realizo atendimento presencial e online, atuo com a abordagem Terapia Cognitivo-Comportamental, (que se orienta no conhecimento emp\u00edrico da psicologia cient\u00edfica, o que significa que \u00e9 uma pr\u00e1tica baseada em evid\u00eancias). Sou p\u00f3s-graduanda em Psicopatologia e TCCs pelo Grupo PBE. Fa\u00e7o parte de um grupo de Supervis\u00e3o de Casos semanal com as Psic\u00f3logas da Flows de Porto Alegre\/RS. Estou em aperfei\u00e7oamento cont\u00ednuo em grupos de estudos, p\u00f3s-gradua\u00e7\u00e3o, workshops, mentorias, congressos, cursos livres e demais eventos da \u00e1rea.<br><br><strong>ARIANE ISABELA MENDES SILVA &#8211; CRP: 06\/213356<\/strong><\/p>\n\n\n\n<p class=\"has-text-align-center\">Atendimento Psicol\u00f3gico presencial e online<\/p>\n<\/div>\n\n\n\n<div class=\"wp-block-column is-layout-flow wp-block-column-is-layout-flow\" style=\"flex-basis:50%\">\n<figure class=\"wp-block-gallery has-nested-images columns-default is-cropped wp-block-gallery-1 is-layout-flex wp-block-gallery-is-layout-flex\">\n<figure class=\"wp-block-image size-large\"><img decoding=\"async\" width=\"682\" height=\"1024\" data-id=\"4639\" src=\"https:\/\/noticiasregionais.com.br\/wp-content\/uploads\/2025\/03\/WhatsApp-Image-2025-03-04-at-11.55.01-1-682x1024.jpeg\" alt=\"\" class=\"wp-image-4639\" srcset=\"https:\/\/noticiasregionais.com.br\/wp-content\/uploads\/2025\/03\/WhatsApp-Image-2025-03-04-at-11.55.01-1-682x1024.jpeg 682w, https:\/\/noticiasregionais.com.br\/wp-content\/uploads\/2025\/03\/WhatsApp-Image-2025-03-04-at-11.55.01-1-200x300.jpeg 200w, https:\/\/noticiasregionais.com.br\/wp-content\/uploads\/2025\/03\/WhatsApp-Image-2025-03-04-at-11.55.01-1-768x1152.jpeg 768w, https:\/\/noticiasregionais.com.br\/wp-content\/uploads\/2025\/03\/WhatsApp-Image-2025-03-04-at-11.55.01-1.jpeg 853w\" sizes=\"(max-width: 682px) 100vw, 682px\" \/><\/figure>\n<\/figure>\n<\/div>\n<\/div>\n\n\n\n<p class=\"has-text-align-center\">Telefone: (14) 99621-7290 &#8211; E-mail: <a href=\"mailto:arianemendes.psico@gmail.com\">arianemendes.psico@gmail.com<\/a><\/p>\n\n\n\n<p class=\"has-text-align-center\">Rua Joaquim de Azevedo, 988 &#8211; Vila Moraes Ourinhos\/SP (atendimento com hor\u00e1rio agendado)<\/p>\n<input type=\"hidden\" id=\"baseurl\" value=\"https:\/\/noticiasregionais.com.br\"><input type=\"hidden\" id=\"audio_nonce\" value=\"533fbb67b1\">","protected":false},"excerpt":{"rendered":"<p>Mas afinal, o que \u00e9 a TCC? (Terapia Cognitivo-Comportamental) Por Ariane Mendes &#8211; Psic\u00f3loga &#8211; CRP: 06\/213356 Felizmente, os assuntos&hellip;<\/p>\n","protected":false},"author":1,"featured_media":4637,"comment_status":"closed","ping_status":"open","sticky":false,"template":"","format":"standard","meta":{"sfsi_plus_gutenberg_text_before_share":"","sfsi_plus_gutenberg_show_text_before_share":"","sfsi_plus_gutenberg_icon_type":"","sfsi_plus_gutenberg_icon_alignemt":"","sfsi_plus_gutenburg_max_per_row":"","footnotes":""},"categories":[5,12,1],"tags":[16],"class_list":["post-4636","post","type-post","status-publish","format-standard","has-post-thumbnail","hentry","category-ourinhos","category-capa","category-noticias","tag-ourinhos"],"_links":{"self":[{"href":"https:\/\/noticiasregionais.com.br\/index.php?rest_route=\/wp\/v2\/posts\/4636","targetHints":{"allow":["GET"]}}],"collection":[{"href":"https:\/\/noticiasregionais.com.br\/index.php?rest_route=\/wp\/v2\/posts"}],"about":[{"href":"https:\/\/noticiasregionais.com.br\/index.php?rest_route=\/wp\/v2\/types\/post"}],"author":[{"embeddable":true,"href":"https:\/\/noticiasregionais.com.br\/index.php?rest_route=\/wp\/v2\/users\/1"}],"replies":[{"embeddable":true,"href":"https:\/\/noticiasregionais.com.br\/index.php?rest_route=%2Fwp%2Fv2%2Fcomments&post=4636"}],"version-history":[{"count":4,"href":"https:\/\/noticiasregionais.com.br\/index.php?rest_route=\/wp\/v2\/posts\/4636\/revisions"}],"predecessor-version":[{"id":4645,"href":"https:\/\/noticiasregionais.com.br\/index.php?rest_route=\/wp\/v2\/posts\/4636\/revisions\/4645"}],"wp:featuredmedia":[{"embeddable":true,"href":"https:\/\/noticiasregionais.com.br\/index.php?rest_route=\/wp\/v2\/media\/4637"}],"wp:attachment":[{"href":"https:\/\/noticiasregionais.com.br\/index.php?rest_route=%2Fwp%2Fv2%2Fmedia&parent=4636"}],"wp:term":[{"taxonomy":"category","embeddable":true,"href":"https:\/\/noticiasregionais.com.br\/index.php?rest_route=%2Fwp%2Fv2%2Fcategories&post=4636"},{"taxonomy":"post_tag","embeddable":true,"href":"https:\/\/noticiasregionais.com.br\/index.php?rest_route=%2Fwp%2Fv2%2Ftags&post=4636"}],"curies":[{"name":"wp","href":"https:\/\/api.w.org\/{rel}","templated":true}]}}