{"id":4646,"date":"2025-03-06T21:31:32","date_gmt":"2025-03-07T00:31:32","guid":{"rendered":"https:\/\/noticiasregionais.com.br\/?p=4646"},"modified":"2025-03-06T21:31:36","modified_gmt":"2025-03-07T00:31:36","slug":"operacao-carnaval-2025-prf-encerra-acao-na-regiao-de-marilia-com-saldo-positivo-e-foco-na-seguranca","status":"publish","type":"post","link":"https:\/\/noticiasregionais.com.br\/?p=4646","title":{"rendered":"Opera\u00e7\u00e3o Carnaval 2025: PRF encerra a\u00e7\u00e3o na regi\u00e3o de Mar\u00edlia com saldo positivo e foco na seguran\u00e7a"},"content":{"rendered":"\n<p>A Pol\u00edcia Rodovi\u00e1ria Federal (PRF) encerrou, na \u00faltima quarta-feira (5), a Opera\u00e7\u00e3o Carnaval 2025 em Mar\u00edlia, Ourinhos e Guai\u00e7ara com resultados que demonstram o sucesso das a\u00e7\u00f5es de fiscaliza\u00e7\u00e3o e conscientiza\u00e7\u00e3o realizadas durante o per\u00edodo. Iniciada em 24 de fevereiro, a opera\u00e7\u00e3o teve como objetivo principal garantir a seguran\u00e7a nas rodovias da regi\u00e3o, intensificando a fiscaliza\u00e7\u00e3o, refor\u00e7ando o efetivo e promovendo a educa\u00e7\u00e3o no tr\u00e2nsito.<\/p>\n\n\n\n<h2 class=\"wp-block-heading\">Zero mortes e aumento na fiscaliza\u00e7\u00e3o<\/h2>\n\n\n\n<p>Um dos principais destaques da opera\u00e7\u00e3o foi a aus\u00eancia de mortes nas rodovias da regi\u00e3o durante o per\u00edodo carnavalesco. Al\u00e9m disso, o n\u00famero de acidentes se manteve est\u00e1vel em rela\u00e7\u00e3o ao ano anterior, com apenas tr\u00eas ocorr\u00eancias registradas. A fiscaliza\u00e7\u00e3o de ve\u00edculos tamb\u00e9m foi intensificada, com um aumento de mais de 28% em rela\u00e7\u00e3o ao ano passado, totalizando 1.261 ve\u00edculos fiscalizados.<\/p>\n\n\n\n<h2 class=\"wp-block-heading\">Combate \u00e0 imprud\u00eancia e ao crime<\/h2>\n\n\n\n<p>Apesar dos esfor\u00e7os da PRF, alguns motoristas continuaram desrespeitando as normas de tr\u00e2nsito. Durante a opera\u00e7\u00e3o, 497 motoristas foram flagrados acima do limite de velocidade e 196 realizaram ultrapassagens em locais proibidos. No total, foram registrados tr\u00eas sinistros de tr\u00e2nsito, com duas pessoas feridas.<\/p>\n\n\n\n<p>O combate ao crime tamb\u00e9m foi um ponto forte da Opera\u00e7\u00e3o Carnaval 2025. A PRF apreendeu quase uma tonelada de maconha e resgatou animais silvestres, incluindo um macaco-prego e p\u00e1ssaros.<\/p>\n\n\n\n<h2 class=\"wp-block-heading\">Alcoolemia e educa\u00e7\u00e3o no tr\u00e2nsito<\/h2>\n\n\n\n<p>A fiscaliza\u00e7\u00e3o da alcoolemia foi intensificada durante a opera\u00e7\u00e3o, com a realiza\u00e7\u00e3o de mais de 900 testes, um aumento de 14% em rela\u00e7\u00e3o ao ano anterior. A educa\u00e7\u00e3o no tr\u00e2nsito tamb\u00e9m foi uma prioridade, com palestras e comandos educativos que alcan\u00e7aram 378 pessoas.<\/p>\n\n\n\n<h2 class=\"wp-block-heading\">Opera\u00e7\u00e3o Rodovida<\/h2>\n\n\n\n<p>A Opera\u00e7\u00e3o Carnaval faz parte da Opera\u00e7\u00e3o Rodovida, que engloba as Opera\u00e7\u00f5es Natal e Ano Novo. Esse conjunto de a\u00e7\u00f5es, coordenadas e integradas por institui\u00e7\u00f5es do Sistema Nacional de Tr\u00e2nsito (SNT), visa a seguran\u00e7a vi\u00e1ria e a redu\u00e7\u00e3o dos sinistros de tr\u00e2nsito.<\/p>\n<input type=\"hidden\" id=\"baseurl\" value=\"https:\/\/noticiasregionais.com.br\"><input type=\"hidden\" id=\"audio_nonce\" value=\"296231ceac\">","protected":false},"excerpt":{"rendered":"<p>A Pol\u00edcia Rodovi\u00e1ria Federal (PRF) encerrou, na \u00faltima quarta-feira (5), a Opera\u00e7\u00e3o Carnaval 2025 em Mar\u00edlia, Ourinhos e Guai\u00e7ara com&hellip;<\/p>\n","protected":false},"author":1,"featured_media":4647,"comment_status":"closed","ping_status":"open","sticky":false,"template":"","format":"standard","meta":{"sfsi_plus_gutenberg_text_before_share":"","sfsi_plus_gutenberg_show_text_before_share":"","sfsi_plus_gutenberg_icon_type":"","sfsi_plus_gutenberg_icon_alignemt":"","sfsi_plus_gutenburg_max_per_row":"","footnotes":""},"categories":[6,10,1],"tags":[30,25,16],"class_list":["post-4646","post","type-post","status-publish","format-standard","has-post-thumbnail","hentry","category-sao_paulo","category-destaques","category-noticias","tag-guaicara","tag-marilia","tag-ourinhos"],"_links":{"self":[{"href":"https:\/\/noticiasregionais.com.br\/index.php?rest_route=\/wp\/v2\/posts\/4646","targetHints":{"allow":["GET"]}}],"collection":[{"href":"https:\/\/noticiasregionais.com.br\/index.php?rest_route=\/wp\/v2\/posts"}],"about":[{"href":"https:\/\/noticiasregionais.com.br\/index.php?rest_route=\/wp\/v2\/types\/post"}],"author":[{"embeddable":true,"href":"https:\/\/noticiasregionais.com.br\/index.php?rest_route=\/wp\/v2\/users\/1"}],"replies":[{"embeddable":true,"href":"https:\/\/noticiasregionais.com.br\/index.php?rest_route=%2Fwp%2Fv2%2Fcomments&post=4646"}],"version-history":[{"count":1,"href":"https:\/\/noticiasregionais.com.br\/index.php?rest_route=\/wp\/v2\/posts\/4646\/revisions"}],"predecessor-version":[{"id":4648,"href":"https:\/\/noticiasregionais.com.br\/index.php?rest_route=\/wp\/v2\/posts\/4646\/revisions\/4648"}],"wp:featuredmedia":[{"embeddable":true,"href":"https:\/\/noticiasregionais.com.br\/index.php?rest_route=\/wp\/v2\/media\/4647"}],"wp:attachment":[{"href":"https:\/\/noticiasregionais.com.br\/index.php?rest_route=%2Fwp%2Fv2%2Fmedia&parent=4646"}],"wp:term":[{"taxonomy":"category","embeddable":true,"href":"https:\/\/noticiasregionais.com.br\/index.php?rest_route=%2Fwp%2Fv2%2Fcategories&post=4646"},{"taxonomy":"post_tag","embeddable":true,"href":"https:\/\/noticiasregionais.com.br\/index.php?rest_route=%2Fwp%2Fv2%2Ftags&post=4646"}],"curies":[{"name":"wp","href":"https:\/\/api.w.org\/{rel}","templated":true}]}}