{"id":4649,"date":"2025-03-06T22:10:35","date_gmt":"2025-03-07T01:10:35","guid":{"rendered":"https:\/\/noticiasregionais.com.br\/?p=4649"},"modified":"2025-03-06T22:10:46","modified_gmt":"2025-03-07T01:10:46","slug":"upa-ourinhos-aprovacao-ultrapassa-98-mesmo-com-aumento-dos-casos-de-dengue","status":"publish","type":"post","link":"https:\/\/noticiasregionais.com.br\/?p=4649","title":{"rendered":"UPA Ourinhos: Aprova\u00e7\u00e3o ultrapassa 98%, mesmo com aumento dos casos de dengue"},"content":{"rendered":"\n<p>A Unidade de Pronto Atendimento (UPA) de Ourinhos tem se destacado como refer\u00eancia em atendimento m\u00e9dico humanizado e eficiente na regi\u00e3o. Sob a gest\u00e3o da Santa Casa de Ourinhos, a unidade tem recebido elogios constantes de pacientes e familiares, consolidando sua reputa\u00e7\u00e3o de excel\u00eancia.<\/p>\n\n\n\n<p>Mesmo diante do aumento significativo na demanda por atendimento, impulsionado pelos casos de dengue, a equipe da UPA tem demonstrado um compromisso inabal\u00e1vel com a qualidade do servi\u00e7o. O cuidado e a aten\u00e7\u00e3o individualizada t\u00eam sido a marca registrada da unidade, garantindo que cada paciente se sinta acolhido e bem cuidado.<\/p>\n\n\n\n<p>Hist\u00f3rias como a de Karine, que levou sua filha com suspeita de dengue para a UPA, ilustram o impacto positivo do atendimento humanizado. &#8220;Agrade\u00e7o de cora\u00e7\u00e3o a todas as profissionais que cuidaram da minha filha. Fomos recebidas com aten\u00e7\u00e3o e carinho, desde a recep\u00e7\u00e3o at\u00e9 a coleta de sangue. O cuidado e o amor demonstrados pela equipe fizeram toda a diferen\u00e7a em um momento t\u00e3o delicado&#8221;, relata Karine.<\/p>\n\n\n\n<p>Aparecida de Jesus Nascimento, que acompanhava um familiar, tamb\u00e9m expressou sua satisfa\u00e7\u00e3o com o servi\u00e7o. &#8220;Fomos muito bem tratados, n\u00e3o tenho do que reclamar. A aten\u00e7\u00e3o e o cuidado que recebemos aqui nos fazem sentir melhor. Desde a recep\u00e7\u00e3o at\u00e9 os m\u00e9dicos e enfermeiros, o atendimento foi nota 10&#8221;, afirma Aparecida.<\/p>\n\n\n\n<p>Laudiceia de Aquino, outra paciente satisfeita, elogiou a agilidade e o profissionalismo da equipe. &#8220;Adorei o atendimento! Meus filhos foram muito bem cuidados pelas enfermeiras, a triagem foi r\u00e1pida e a equipe de enfermagem \u00e9 nota 10. O cuidado com as crian\u00e7as \u00e9 exemplar. Que Deus aben\u00e7oe a todos!&#8221;, declara Laudiceia.<\/p>\n\n\n\n<p>Os n\u00fameros comprovam a alta aprova\u00e7\u00e3o da popula\u00e7\u00e3o. Em janeiro, a UPA realizou mais de 8 mil atendimentos, com um \u00edndice de satisfa\u00e7\u00e3o superior a 98% na pesquisa realizada com os pacientes. Esses resultados refletem o compromisso da unidade em oferecer um atendimento de excel\u00eancia, pautado na dedica\u00e7\u00e3o, no respeito e na humaniza\u00e7\u00e3o.<\/p>\n\n\n\n<figure class=\"wp-block-gallery has-nested-images columns-default is-cropped wp-block-gallery-1 is-layout-flex wp-block-gallery-is-layout-flex\">\n<figure class=\"wp-block-image size-large\"><img decoding=\"async\" width=\"720\" height=\"1014\" data-id=\"4650\" src=\"https:\/\/noticiasregionais.com.br\/wp-content\/uploads\/2025\/03\/WhatsApp-Image-2025-03-06-at-15.25.10.jpeg\" alt=\"\" class=\"wp-image-4650\" srcset=\"https:\/\/noticiasregionais.com.br\/wp-content\/uploads\/2025\/03\/WhatsApp-Image-2025-03-06-at-15.25.10.jpeg 720w, https:\/\/noticiasregionais.com.br\/wp-content\/uploads\/2025\/03\/WhatsApp-Image-2025-03-06-at-15.25.10-213x300.jpeg 213w\" sizes=\"(max-width: 720px) 100vw, 720px\" \/><\/figure>\n\n\n\n<figure class=\"wp-block-image size-large\"><img decoding=\"async\" width=\"580\" height=\"1024\" data-id=\"4651\" src=\"https:\/\/noticiasregionais.com.br\/wp-content\/uploads\/2025\/03\/WhatsApp-Image-2025-03-06-at-15.25.20-580x1024.jpeg\" alt=\"\" class=\"wp-image-4651\" srcset=\"https:\/\/noticiasregionais.com.br\/wp-content\/uploads\/2025\/03\/WhatsApp-Image-2025-03-06-at-15.25.20-580x1024.jpeg 580w, https:\/\/noticiasregionais.com.br\/wp-content\/uploads\/2025\/03\/WhatsApp-Image-2025-03-06-at-15.25.20-170x300.jpeg 170w, https:\/\/noticiasregionais.com.br\/wp-content\/uploads\/2025\/03\/WhatsApp-Image-2025-03-06-at-15.25.20.jpeg 720w\" sizes=\"(max-width: 580px) 100vw, 580px\" \/><\/figure>\n<\/figure>\n<input type=\"hidden\" id=\"baseurl\" value=\"https:\/\/noticiasregionais.com.br\"><input type=\"hidden\" id=\"audio_nonce\" value=\"533fbb67b1\">","protected":false},"excerpt":{"rendered":"<p>A Unidade de Pronto Atendimento (UPA) de Ourinhos tem se destacado como refer\u00eancia em atendimento m\u00e9dico humanizado e eficiente na&hellip;<\/p>\n","protected":false},"author":1,"featured_media":4652,"comment_status":"closed","ping_status":"open","sticky":false,"template":"","format":"standard","meta":{"sfsi_plus_gutenberg_text_before_share":"","sfsi_plus_gutenberg_show_text_before_share":"","sfsi_plus_gutenberg_icon_type":"","sfsi_plus_gutenberg_icon_alignemt":"","sfsi_plus_gutenburg_max_per_row":"","footnotes":""},"categories":[5,10,1],"tags":[16],"class_list":["post-4649","post","type-post","status-publish","format-standard","has-post-thumbnail","hentry","category-ourinhos","category-destaques","category-noticias","tag-ourinhos"],"_links":{"self":[{"href":"https:\/\/noticiasregionais.com.br\/index.php?rest_route=\/wp\/v2\/posts\/4649","targetHints":{"allow":["GET"]}}],"collection":[{"href":"https:\/\/noticiasregionais.com.br\/index.php?rest_route=\/wp\/v2\/posts"}],"about":[{"href":"https:\/\/noticiasregionais.com.br\/index.php?rest_route=\/wp\/v2\/types\/post"}],"author":[{"embeddable":true,"href":"https:\/\/noticiasregionais.com.br\/index.php?rest_route=\/wp\/v2\/users\/1"}],"replies":[{"embeddable":true,"href":"https:\/\/noticiasregionais.com.br\/index.php?rest_route=%2Fwp%2Fv2%2Fcomments&post=4649"}],"version-history":[{"count":1,"href":"https:\/\/noticiasregionais.com.br\/index.php?rest_route=\/wp\/v2\/posts\/4649\/revisions"}],"predecessor-version":[{"id":4653,"href":"https:\/\/noticiasregionais.com.br\/index.php?rest_route=\/wp\/v2\/posts\/4649\/revisions\/4653"}],"wp:featuredmedia":[{"embeddable":true,"href":"https:\/\/noticiasregionais.com.br\/index.php?rest_route=\/wp\/v2\/media\/4652"}],"wp:attachment":[{"href":"https:\/\/noticiasregionais.com.br\/index.php?rest_route=%2Fwp%2Fv2%2Fmedia&parent=4649"}],"wp:term":[{"taxonomy":"category","embeddable":true,"href":"https:\/\/noticiasregionais.com.br\/index.php?rest_route=%2Fwp%2Fv2%2Fcategories&post=4649"},{"taxonomy":"post_tag","embeddable":true,"href":"https:\/\/noticiasregionais.com.br\/index.php?rest_route=%2Fwp%2Fv2%2Ftags&post=4649"}],"curies":[{"name":"wp","href":"https:\/\/api.w.org\/{rel}","templated":true}]}}