{"id":4654,"date":"2025-03-06T22:20:37","date_gmt":"2025-03-07T01:20:37","guid":{"rendered":"https:\/\/noticiasregionais.com.br\/?p=4654"},"modified":"2025-03-06T22:20:49","modified_gmt":"2025-03-07T01:20:49","slug":"carnaval-2025-policia-rodoviaria-reforca-seguranca-e-fiscalizacao-nas-estradas-do-interior-paulista","status":"publish","type":"post","link":"https:\/\/noticiasregionais.com.br\/?p=4654","title":{"rendered":"Carnaval 2025: Pol\u00edcia Rodovi\u00e1ria refor\u00e7a seguran\u00e7a e fiscaliza\u00e7\u00e3o nas estradas do interior paulista"},"content":{"rendered":"\n<p class=\"has-text-align-center\"><strong>A\u00e7\u00e3o intensiva resultou em milhares de autua\u00e7\u00f5es e testes de alcoolemia, visando a preven\u00e7\u00e3o de acidentes e a prote\u00e7\u00e3o da vida nas rodovias.<\/strong><\/p>\n\n\n\n<p>Em um esfor\u00e7o conjunto para garantir a seguran\u00e7a dos foli\u00f5es e demais usu\u00e1rios das rodovias durante o Carnaval 2025, a 3\u00aa Companhia do 2\u00ba Batalh\u00e3o de Pol\u00edcia Rodovi\u00e1ria da Pol\u00edcia Militar do Estado de S\u00e3o Paulo deflagrou a Opera\u00e7\u00e3o &#8220;Carnaval 2025&#8221;. A a\u00e7\u00e3o, que se estendeu de 28 de fevereiro a 5 de mar\u00e7o, abrangeu mais de 1.700 quil\u00f4metros de rodovias estaduais, cortando 64 munic\u00edpios das regi\u00f5es de Assis, Mar\u00edlia e Ourinhos.<\/p>\n\n\n\n<p>A Pol\u00edcia Rodovi\u00e1ria mobilizou todo o seu efetivo operacional e administrativo, posicionando-se estrategicamente em \u00e1reas de maior incid\u00eancia criminal e de acidentes. O objetivo principal foi aumentar a percep\u00e7\u00e3o de seguran\u00e7a e garantir deslocamentos tranquilos para todos os usu\u00e1rios das rodovias.<\/p>\n\n\n\n<p>A opera\u00e7\u00e3o contou com o apoio fundamental do Departamento de Estradas de Rodagem (DER), concession\u00e1rias de rodovias, ARTESP e outros parceiros, que uniram esfor\u00e7os para refor\u00e7ar a seguran\u00e7a e a fluidez do tr\u00e1fego.<\/p>\n\n\n\n<p><strong>Fiscaliza\u00e7\u00e3o rigorosa e resultados expressivos<\/strong><\/p>\n\n\n\n<p>Durante os seis dias de opera\u00e7\u00e3o, a Pol\u00edcia Rodovi\u00e1ria intensificou a fiscaliza\u00e7\u00e3o, resultando em:<\/p>\n\n\n\n<ul class=\"wp-block-list\">\n<li>917 autua\u00e7\u00f5es por diversas infra\u00e7\u00f5es de tr\u00e2nsito, incluindo:\n<ul class=\"wp-block-list\">\n<li>266 por n\u00e3o uso do cinto de seguran\u00e7a<\/li>\n\n\n\n<li>101 por dirigir sob a influ\u00eancia de \u00e1lcool ou recusa ao teste do etil\u00f4metro<\/li>\n\n\n\n<li>14 por ultrapassagens proibidas<\/li>\n<\/ul>\n<\/li>\n\n\n\n<li>2.374 imagens de ve\u00edculos em excesso de velocidade<\/li>\n\n\n\n<li>2.494 testes de alcoolemia realizados<\/li>\n<\/ul>\n\n\n\n<p>Os n\u00fameros revelam que, apesar dos esfor\u00e7os de conscientiza\u00e7\u00e3o, a imprud\u00eancia no tr\u00e2nsito ainda \u00e9 uma realidade preocupante.<\/p>\n\n\n\n<p><strong>Acidentes e a import\u00e2ncia da preven\u00e7\u00e3o<\/strong><\/p>\n\n\n\n<p>A Opera\u00e7\u00e3o &#8220;Carnaval 2025&#8221; registrou 21 acidentes de tr\u00e2nsito, sendo 11 com v\u00edtimas e 10 sem v\u00edtimas. Felizmente, n\u00e3o houve registro de v\u00edtimas fatais.<\/p>\n\n\n\n<p>A an\u00e1lise dos acidentes revela que a maioria poderia ter sido evitada, j\u00e1 que as principais causas est\u00e3o relacionadas \u00e0 conduta dos motoristas, como imprud\u00eancia, neglig\u00eancia, imper\u00edcia e desrespeito \u00e0 sinaliza\u00e7\u00e3o.<\/p>\n\n\n\n<p><strong>Um apelo \u00e0 consci\u00eancia e \u00e0 responsabilidade<\/strong><\/p>\n\n\n\n<p>A Pol\u00edcia Rodovi\u00e1ria refor\u00e7a o apelo \u00e0 consci\u00eancia e \u00e0 responsabilidade de todos os usu\u00e1rios das rodovias. A paz no tr\u00e2nsito come\u00e7a com atitudes simples, como respeito \u00e0s leis, paci\u00eancia e empatia. Juntos, podemos construir um tr\u00e2nsito mais seguro e humano.<\/p>\n<input type=\"hidden\" id=\"baseurl\" value=\"https:\/\/noticiasregionais.com.br\"><input type=\"hidden\" id=\"audio_nonce\" value=\"533fbb67b1\">","protected":false},"excerpt":{"rendered":"<p>A\u00e7\u00e3o intensiva resultou em milhares de autua\u00e7\u00f5es e testes de alcoolemia, visando a preven\u00e7\u00e3o de acidentes e a prote\u00e7\u00e3o da&hellip;<\/p>\n","protected":false},"author":1,"featured_media":4655,"comment_status":"closed","ping_status":"open","sticky":false,"template":"","format":"standard","meta":{"sfsi_plus_gutenberg_text_before_share":"","sfsi_plus_gutenberg_show_text_before_share":"","sfsi_plus_gutenberg_icon_type":"","sfsi_plus_gutenberg_icon_alignemt":"","sfsi_plus_gutenburg_max_per_row":"","footnotes":""},"categories":[6,10,1],"tags":[],"class_list":["post-4654","post","type-post","status-publish","format-standard","has-post-thumbnail","hentry","category-sao_paulo","category-destaques","category-noticias"],"_links":{"self":[{"href":"https:\/\/noticiasregionais.com.br\/index.php?rest_route=\/wp\/v2\/posts\/4654","targetHints":{"allow":["GET"]}}],"collection":[{"href":"https:\/\/noticiasregionais.com.br\/index.php?rest_route=\/wp\/v2\/posts"}],"about":[{"href":"https:\/\/noticiasregionais.com.br\/index.php?rest_route=\/wp\/v2\/types\/post"}],"author":[{"embeddable":true,"href":"https:\/\/noticiasregionais.com.br\/index.php?rest_route=\/wp\/v2\/users\/1"}],"replies":[{"embeddable":true,"href":"https:\/\/noticiasregionais.com.br\/index.php?rest_route=%2Fwp%2Fv2%2Fcomments&post=4654"}],"version-history":[{"count":1,"href":"https:\/\/noticiasregionais.com.br\/index.php?rest_route=\/wp\/v2\/posts\/4654\/revisions"}],"predecessor-version":[{"id":4656,"href":"https:\/\/noticiasregionais.com.br\/index.php?rest_route=\/wp\/v2\/posts\/4654\/revisions\/4656"}],"wp:featuredmedia":[{"embeddable":true,"href":"https:\/\/noticiasregionais.com.br\/index.php?rest_route=\/wp\/v2\/media\/4655"}],"wp:attachment":[{"href":"https:\/\/noticiasregionais.com.br\/index.php?rest_route=%2Fwp%2Fv2%2Fmedia&parent=4654"}],"wp:term":[{"taxonomy":"category","embeddable":true,"href":"https:\/\/noticiasregionais.com.br\/index.php?rest_route=%2Fwp%2Fv2%2Fcategories&post=4654"},{"taxonomy":"post_tag","embeddable":true,"href":"https:\/\/noticiasregionais.com.br\/index.php?rest_route=%2Fwp%2Fv2%2Ftags&post=4654"}],"curies":[{"name":"wp","href":"https:\/\/api.w.org\/{rel}","templated":true}]}}