{"id":4657,"date":"2025-03-06T22:28:49","date_gmt":"2025-03-07T01:28:49","guid":{"rendered":"https:\/\/noticiasregionais.com.br\/?p=4657"},"modified":"2025-03-06T22:28:53","modified_gmt":"2025-03-07T01:28:53","slug":"classicos-da-estrada-em-ourinhos-encontro-de-caminhoes-antigos-e-fnm-apoia-a-oncologia-da-santa-casa","status":"publish","type":"post","link":"https:\/\/noticiasregionais.com.br\/?p=4657","title":{"rendered":"Cl\u00e1ssicos da estrada em Ourinhos: Encontro de caminh\u00f5es antigos e FNM apoia a oncologia da Santa Casa"},"content":{"rendered":"\n<p class=\"has-text-align-center\"><strong>Evento beneficente na Arena Golden re\u00fane apaixonados por ve\u00edculos hist\u00f3ricos e destina renda para tratamento de c\u00e2ncer.<\/strong><\/p>\n\n\n\n<p>Ourinhos se prepara para receber a 3\u00aa edi\u00e7\u00e3o do Encontro de FNM e Caminh\u00f5es Antigos, um evento que promete encantar os amantes do automobilismo e, ao mesmo tempo, contribuir para uma causa nobre. Entre os dias 13 e 15 de mar\u00e7o, a Arena Golden, localizada na Avenida Ot\u00e1vio Grandini, em frente \u00e0 Apae Rural, se transformar\u00e1 em um verdadeiro museu a c\u00e9u aberto, reunindo ve\u00edculos que marcaram \u00e9poca.<\/p>\n\n\n\n<p>Com o objetivo de apoiar o tratamento de c\u00e2ncer na Santa Casa de Ourinhos, a renda obtida com as inscri\u00e7\u00f5es do evento ser\u00e1 integralmente revertida para a institui\u00e7\u00e3o. No s\u00e1bado, dia 15, o p\u00fablico ter\u00e1 a oportunidade de conferir de perto os ic\u00f4nicos caminh\u00f5es da FNM (F\u00e1brica Nacional de Motores) e outros modelos cl\u00e1ssicos que fizeram hist\u00f3ria nas estradas brasileiras. Os port\u00f5es estar\u00e3o abertos das 8h \u00e0s 16h, com entrada franca.<\/p>\n\n\n\n<p>O encontro contar\u00e1 com a participa\u00e7\u00e3o de expositores de diversas regi\u00f5es, proporcionando um interc\u00e2mbio de conhecimento e paix\u00e3o entre os entusiastas do automobilismo. Al\u00e9m da exposi\u00e7\u00e3o dos ve\u00edculos, o evento oferecer\u00e1 diversas atra\u00e7\u00f5es para toda a fam\u00edlia, como m\u00fasica ao vivo, pra\u00e7a de alimenta\u00e7\u00e3o e atividades para crian\u00e7as.<\/p>\n\n\n\n<p>Uma oportunidade \u00fanica para apreciar a beleza e a hist\u00f3ria dos caminh\u00f5es antigos, enquanto se contribui para uma causa importante.<\/p>\n\n\n\n<figure class=\"wp-block-gallery has-nested-images columns-default is-cropped wp-block-gallery-1 is-layout-flex wp-block-gallery-is-layout-flex\">\n<figure class=\"wp-block-image size-large\"><img decoding=\"async\" width=\"682\" height=\"1024\" data-id=\"4660\" src=\"https:\/\/noticiasregionais.com.br\/wp-content\/uploads\/2025\/03\/WhatsApp-Image-2025-03-06-at-17.34.36-682x1024.jpeg\" alt=\"\" class=\"wp-image-4660\" srcset=\"https:\/\/noticiasregionais.com.br\/wp-content\/uploads\/2025\/03\/WhatsApp-Image-2025-03-06-at-17.34.36-682x1024.jpeg 682w, https:\/\/noticiasregionais.com.br\/wp-content\/uploads\/2025\/03\/WhatsApp-Image-2025-03-06-at-17.34.36-200x300.jpeg 200w, https:\/\/noticiasregionais.com.br\/wp-content\/uploads\/2025\/03\/WhatsApp-Image-2025-03-06-at-17.34.36-768x1153.jpeg 768w, https:\/\/noticiasregionais.com.br\/wp-content\/uploads\/2025\/03\/WhatsApp-Image-2025-03-06-at-17.34.36-1023x1536.jpeg 1023w, https:\/\/noticiasregionais.com.br\/wp-content\/uploads\/2025\/03\/WhatsApp-Image-2025-03-06-at-17.34.36.jpeg 1066w\" sizes=\"(max-width: 682px) 100vw, 682px\" \/><\/figure>\n\n\n\n<figure class=\"wp-block-image size-large\"><img decoding=\"async\" width=\"819\" height=\"1024\" data-id=\"4659\" src=\"https:\/\/noticiasregionais.com.br\/wp-content\/uploads\/2025\/03\/WhatsApp-Image-2025-03-06-at-17.36.40-819x1024.jpeg\" alt=\"\" class=\"wp-image-4659\" srcset=\"https:\/\/noticiasregionais.com.br\/wp-content\/uploads\/2025\/03\/WhatsApp-Image-2025-03-06-at-17.36.40-819x1024.jpeg 819w, https:\/\/noticiasregionais.com.br\/wp-content\/uploads\/2025\/03\/WhatsApp-Image-2025-03-06-at-17.36.40-240x300.jpeg 240w, https:\/\/noticiasregionais.com.br\/wp-content\/uploads\/2025\/03\/WhatsApp-Image-2025-03-06-at-17.36.40-768x961.jpeg 768w, https:\/\/noticiasregionais.com.br\/wp-content\/uploads\/2025\/03\/WhatsApp-Image-2025-03-06-at-17.36.40-1228x1536.jpeg 1228w, https:\/\/noticiasregionais.com.br\/wp-content\/uploads\/2025\/03\/WhatsApp-Image-2025-03-06-at-17.36.40.jpeg 1279w\" sizes=\"(max-width: 819px) 100vw, 819px\" \/><\/figure>\n\n\n\n<figure class=\"wp-block-image size-large\"><img decoding=\"async\" width=\"768\" height=\"1024\" data-id=\"4661\" src=\"https:\/\/noticiasregionais.com.br\/wp-content\/uploads\/2025\/03\/WhatsApp-Image-2025-03-06-at-17.34.35-768x1024.jpeg\" alt=\"\" class=\"wp-image-4661\" srcset=\"https:\/\/noticiasregionais.com.br\/wp-content\/uploads\/2025\/03\/WhatsApp-Image-2025-03-06-at-17.34.35-768x1024.jpeg 768w, https:\/\/noticiasregionais.com.br\/wp-content\/uploads\/2025\/03\/WhatsApp-Image-2025-03-06-at-17.34.35-225x300.jpeg 225w, https:\/\/noticiasregionais.com.br\/wp-content\/uploads\/2025\/03\/WhatsApp-Image-2025-03-06-at-17.34.35-1152x1536.jpeg 1152w, https:\/\/noticiasregionais.com.br\/wp-content\/uploads\/2025\/03\/WhatsApp-Image-2025-03-06-at-17.34.35.jpeg 1200w\" sizes=\"(max-width: 768px) 100vw, 768px\" \/><\/figure>\n\n\n\n<figure class=\"wp-block-image size-large\"><img decoding=\"async\" width=\"1024\" height=\"768\" data-id=\"4663\" src=\"https:\/\/noticiasregionais.com.br\/wp-content\/uploads\/2025\/03\/WhatsApp-Image-2025-03-06-at-17.34.331-1024x768.jpeg\" alt=\"\" class=\"wp-image-4663\" srcset=\"https:\/\/noticiasregionais.com.br\/wp-content\/uploads\/2025\/03\/WhatsApp-Image-2025-03-06-at-17.34.331-1024x768.jpeg 1024w, https:\/\/noticiasregionais.com.br\/wp-content\/uploads\/2025\/03\/WhatsApp-Image-2025-03-06-at-17.34.331-300x225.jpeg 300w, https:\/\/noticiasregionais.com.br\/wp-content\/uploads\/2025\/03\/WhatsApp-Image-2025-03-06-at-17.34.331-768x576.jpeg 768w, https:\/\/noticiasregionais.com.br\/wp-content\/uploads\/2025\/03\/WhatsApp-Image-2025-03-06-at-17.34.331-1536x1152.jpeg 1536w, https:\/\/noticiasregionais.com.br\/wp-content\/uploads\/2025\/03\/WhatsApp-Image-2025-03-06-at-17.34.331.jpeg 1600w\" sizes=\"(max-width: 1024px) 100vw, 1024px\" \/><\/figure>\n\n\n\n<figure class=\"wp-block-image size-large\"><img decoding=\"async\" width=\"1024\" height=\"760\" data-id=\"4662\" src=\"https:\/\/noticiasregionais.com.br\/wp-content\/uploads\/2025\/03\/WhatsApp-Image-2025-03-06-at-17.34.33-1024x760.jpeg\" alt=\"\" class=\"wp-image-4662\" srcset=\"https:\/\/noticiasregionais.com.br\/wp-content\/uploads\/2025\/03\/WhatsApp-Image-2025-03-06-at-17.34.33-1024x760.jpeg 1024w, https:\/\/noticiasregionais.com.br\/wp-content\/uploads\/2025\/03\/WhatsApp-Image-2025-03-06-at-17.34.33-300x223.jpeg 300w, https:\/\/noticiasregionais.com.br\/wp-content\/uploads\/2025\/03\/WhatsApp-Image-2025-03-06-at-17.34.33-768x570.jpeg 768w, https:\/\/noticiasregionais.com.br\/wp-content\/uploads\/2025\/03\/WhatsApp-Image-2025-03-06-at-17.34.33-1536x1139.jpeg 1536w, https:\/\/noticiasregionais.com.br\/wp-content\/uploads\/2025\/03\/WhatsApp-Image-2025-03-06-at-17.34.33.jpeg 1599w\" sizes=\"(max-width: 1024px) 100vw, 1024px\" \/><\/figure>\n<\/figure>\n<input type=\"hidden\" id=\"baseurl\" value=\"https:\/\/noticiasregionais.com.br\"><input type=\"hidden\" id=\"audio_nonce\" value=\"533fbb67b1\">","protected":false},"excerpt":{"rendered":"<p>Evento beneficente na Arena Golden re\u00fane apaixonados por ve\u00edculos hist\u00f3ricos e destina renda para tratamento de c\u00e2ncer. Ourinhos se prepara&hellip;<\/p>\n","protected":false},"author":1,"featured_media":4658,"comment_status":"closed","ping_status":"open","sticky":false,"template":"","format":"standard","meta":{"sfsi_plus_gutenberg_text_before_share":"","sfsi_plus_gutenberg_show_text_before_share":"","sfsi_plus_gutenberg_icon_type":"","sfsi_plus_gutenberg_icon_alignemt":"","sfsi_plus_gutenburg_max_per_row":"","footnotes":""},"categories":[5,10,1],"tags":[16],"class_list":["post-4657","post","type-post","status-publish","format-standard","has-post-thumbnail","hentry","category-ourinhos","category-destaques","category-noticias","tag-ourinhos"],"_links":{"self":[{"href":"https:\/\/noticiasregionais.com.br\/index.php?rest_route=\/wp\/v2\/posts\/4657","targetHints":{"allow":["GET"]}}],"collection":[{"href":"https:\/\/noticiasregionais.com.br\/index.php?rest_route=\/wp\/v2\/posts"}],"about":[{"href":"https:\/\/noticiasregionais.com.br\/index.php?rest_route=\/wp\/v2\/types\/post"}],"author":[{"embeddable":true,"href":"https:\/\/noticiasregionais.com.br\/index.php?rest_route=\/wp\/v2\/users\/1"}],"replies":[{"embeddable":true,"href":"https:\/\/noticiasregionais.com.br\/index.php?rest_route=%2Fwp%2Fv2%2Fcomments&post=4657"}],"version-history":[{"count":1,"href":"https:\/\/noticiasregionais.com.br\/index.php?rest_route=\/wp\/v2\/posts\/4657\/revisions"}],"predecessor-version":[{"id":4664,"href":"https:\/\/noticiasregionais.com.br\/index.php?rest_route=\/wp\/v2\/posts\/4657\/revisions\/4664"}],"wp:featuredmedia":[{"embeddable":true,"href":"https:\/\/noticiasregionais.com.br\/index.php?rest_route=\/wp\/v2\/media\/4658"}],"wp:attachment":[{"href":"https:\/\/noticiasregionais.com.br\/index.php?rest_route=%2Fwp%2Fv2%2Fmedia&parent=4657"}],"wp:term":[{"taxonomy":"category","embeddable":true,"href":"https:\/\/noticiasregionais.com.br\/index.php?rest_route=%2Fwp%2Fv2%2Fcategories&post=4657"},{"taxonomy":"post_tag","embeddable":true,"href":"https:\/\/noticiasregionais.com.br\/index.php?rest_route=%2Fwp%2Fv2%2Ftags&post=4657"}],"curies":[{"name":"wp","href":"https:\/\/api.w.org\/{rel}","templated":true}]}}