{"id":466,"date":"2023-09-19T13:51:21","date_gmt":"2023-09-19T16:51:21","guid":{"rendered":"https:\/\/noticiasregionais.com.br\/?p=466"},"modified":"2023-09-19T13:51:53","modified_gmt":"2023-09-19T16:51:53","slug":"nova-eta-completa-seis-meses-de-funcionamento","status":"publish","type":"post","link":"https:\/\/noticiasregionais.com.br\/?p=466","title":{"rendered":"Nova ETA completa seis meses de funcionamento"},"content":{"rendered":"\n<p>A Nova ETA de Ourinhos completa no dia 22 de setembro seis meses de funcionamento. Constru\u00edda em tempo recorde, entre outubro de 2022 e mar\u00e7o de 2023, a moderna esta\u00e7\u00e3o chega ap\u00f3s 60 anos da inaugura\u00e7\u00e3o da primeira ETA de Ourinhos. O empreendimento \u00e9 mais uma a\u00e7\u00e3o da SAE e da Prefeitura de Ourinhos para aprimorar o abastecimento de \u00e1gua no munic\u00edpio.<\/p>\n\n\n\n<p>A Nova ETA vai garantir o abastecimento de \u00e1gua em Ourinhos enquanto possibilita a recupera\u00e7\u00e3o da antiga ETA, que foi constru\u00edda na d\u00e9cada de 1960 e, desde ent\u00e3o, n\u00e3o passou por reformas estruturais. As duas esta\u00e7\u00f5es funcionando em conjunto ser\u00e3o capazes de produzir \u00e1gua para uma Ourinhos de at\u00e9 200 mil habitantes.<\/p>\n\n\n\n<p>Formada por m\u00f3dulos de a\u00e7o inox, a nova ETA possui tecnologia de ponta que alia automa\u00e7\u00e3o, qualidade e praticidade. Capaz de produzir 17 milh\u00f5es de litros de \u00e1gua por dia, com baixo custo energ\u00e9tico, a esta\u00e7\u00e3o tem como caracter\u00edstica a capacidade de tratar elevados n\u00edveis de turbidez de \u00e1gua. O seu processo de purifica\u00e7\u00e3o da \u00e1gua \u00e9 composto por sistemas preliminares, coagula\u00e7\u00e3o, flocula\u00e7\u00e3o mecanizada, decanta\u00e7\u00e3o, filtra\u00e7\u00e3o e desinfec\u00e7\u00e3o. Sua efici\u00eancia tamb\u00e9m se destaca no reaproveitamento da \u00e1gua de retrolavagem e no tratamento autom\u00e1tico de lodo residual.<\/p>\n\n\n\n<p><sub>com informa\u00e7\u00f5es da Superintend\u00eancia de \u00c1gua e Esgoto de Ourinhos<\/sub><\/p>\n<input type=\"hidden\" id=\"baseurl\" value=\"https:\/\/noticiasregionais.com.br\"><input type=\"hidden\" id=\"audio_nonce\" value=\"533fbb67b1\">","protected":false},"excerpt":{"rendered":"<p>A Nova ETA de Ourinhos completa no dia 22 de setembro seis meses de funcionamento. Constru\u00edda em tempo recorde, entre&hellip;<\/p>\n","protected":false},"author":1,"featured_media":467,"comment_status":"closed","ping_status":"open","sticky":false,"template":"","format":"standard","meta":{"sfsi_plus_gutenberg_text_before_share":"","sfsi_plus_gutenberg_show_text_before_share":"","sfsi_plus_gutenberg_icon_type":"","sfsi_plus_gutenberg_icon_alignemt":"","sfsi_plus_gutenburg_max_per_row":"","footnotes":""},"categories":[5,10,1],"tags":[],"class_list":["post-466","post","type-post","status-publish","format-standard","has-post-thumbnail","hentry","category-ourinhos","category-destaques","category-noticias"],"_links":{"self":[{"href":"https:\/\/noticiasregionais.com.br\/index.php?rest_route=\/wp\/v2\/posts\/466","targetHints":{"allow":["GET"]}}],"collection":[{"href":"https:\/\/noticiasregionais.com.br\/index.php?rest_route=\/wp\/v2\/posts"}],"about":[{"href":"https:\/\/noticiasregionais.com.br\/index.php?rest_route=\/wp\/v2\/types\/post"}],"author":[{"embeddable":true,"href":"https:\/\/noticiasregionais.com.br\/index.php?rest_route=\/wp\/v2\/users\/1"}],"replies":[{"embeddable":true,"href":"https:\/\/noticiasregionais.com.br\/index.php?rest_route=%2Fwp%2Fv2%2Fcomments&post=466"}],"version-history":[{"count":2,"href":"https:\/\/noticiasregionais.com.br\/index.php?rest_route=\/wp\/v2\/posts\/466\/revisions"}],"predecessor-version":[{"id":469,"href":"https:\/\/noticiasregionais.com.br\/index.php?rest_route=\/wp\/v2\/posts\/466\/revisions\/469"}],"wp:featuredmedia":[{"embeddable":true,"href":"https:\/\/noticiasregionais.com.br\/index.php?rest_route=\/wp\/v2\/media\/467"}],"wp:attachment":[{"href":"https:\/\/noticiasregionais.com.br\/index.php?rest_route=%2Fwp%2Fv2%2Fmedia&parent=466"}],"wp:term":[{"taxonomy":"category","embeddable":true,"href":"https:\/\/noticiasregionais.com.br\/index.php?rest_route=%2Fwp%2Fv2%2Fcategories&post=466"},{"taxonomy":"post_tag","embeddable":true,"href":"https:\/\/noticiasregionais.com.br\/index.php?rest_route=%2Fwp%2Fv2%2Ftags&post=466"}],"curies":[{"name":"wp","href":"https:\/\/api.w.org\/{rel}","templated":true}]}}