{"id":4665,"date":"2025-03-07T11:35:45","date_gmt":"2025-03-07T14:35:45","guid":{"rendered":"https:\/\/noticiasregionais.com.br\/?p=4665"},"modified":"2025-03-07T11:38:26","modified_gmt":"2025-03-07T14:38:26","slug":"secretaria-da-mulher-e-da-familia-promove-palestra-inspiradora-no-projeto-mulheres-de-sucesso","status":"publish","type":"post","link":"https:\/\/noticiasregionais.com.br\/?p=4665","title":{"rendered":"Secretaria da Mulher e da Fam\u00edlia promove palestra inspiradora no projeto &#8220;Mulheres de Sucesso&#8221;"},"content":{"rendered":"\n<p>Na sexta-feira (28), a Secretaria Municipal da Mulher e da Fam\u00edlia de Ourinhos realizou mais um encontro do projeto &#8220;Mulheres de Sucesso&#8221;, iniciativa que busca fortalecer, inspirar e incentivar mulheres a conquistarem seus objetivos e superarem desafios.<\/p>\n\n\n\n<p>O evento ocorreu na sede da Secretaria e contou com a participa\u00e7\u00e3o da delegada seccional Cristiane Camargo Braga. Durante sua palestra, a convidada compartilhou sua trajet\u00f3ria profissional e ressaltou a import\u00e2ncia do reconhecimento da for\u00e7a feminina e da luta pelos direitos das mulheres. &#8220;Este \u00e9 um momento para crescermos juntas, nos apoiarmos e compreendermos que, quando estamos unidas, podemos superar qualquer obst\u00e1culo e conquistar grandes feitos&#8221;, destacou a delegada, que tem uma carreira de 28 anos na \u00e1rea da seguran\u00e7a p\u00fablica.<\/p>\n\n\n\n<p>Durante sua fala, Cristiane Camargo Braga emocionou o p\u00fablico ao abordar a quest\u00e3o da viol\u00eancia contra a mulher. &#8220;Retirar a dignidade de uma mulher \u00e9 um dos piores crimes que existem, pois \u00e9 uma agress\u00e3o cont\u00ednua, que destr\u00f3i sua ess\u00eancia dia ap\u00f3s dia&#8221;, afirmou. Al\u00e9m disso, ela destacou um marco hist\u00f3rico: em tr\u00eas d\u00e9cadas, nunca houve uma delegada mulher na seccional de Ourinhos, evidenciando a necessidade de ampliar as oportunidades para mulheres em posi\u00e7\u00f5es de lideran\u00e7a.<\/p>\n\n\n\n<p>O &#8220;Mulheres de Sucesso&#8221; tem como objetivo principal a cria\u00e7\u00e3o de uma rede de apoio e desenvolvimento pessoal e profissional, trazendo hist\u00f3rias reais de supera\u00e7\u00e3o e inspira\u00e7\u00e3o. A cada edi\u00e7\u00e3o, uma mulher de destaque \u00e9 convidada a compartilhar sua trajet\u00f3ria, demonstrando que a determina\u00e7\u00e3o \u00e9 essencial para romper barreiras e conquistar espa\u00e7os.<\/p>\n\n\n\n<p>A secret\u00e1ria da Mulher e da Fam\u00edlia, Caroline Mara Marvulli Dias, enfatizou o impacto positivo do projeto na vida das participantes. &#8220;Muitas vezes, uma simples frase pode ser o est\u00edmulo necess\u00e1rio para que uma mulher encontre a coragem e a for\u00e7a para seguir em frente&#8221;, pontuou.<\/p>\n\n\n\n<p>A Secretaria convida todas as mulheres a participarem das pr\u00f3ximas edi\u00e7\u00f5es do projeto, refor\u00e7ando essa corrente de apoio e inspira\u00e7\u00e3o que tem transformado vidas.<\/p>\n\n\n\n<figure class=\"wp-block-gallery has-nested-images columns-default is-cropped wp-block-gallery-1 is-layout-flex wp-block-gallery-is-layout-flex\">\n<figure class=\"wp-block-image size-large\"><img decoding=\"async\" width=\"1024\" height=\"819\" data-id=\"4667\" src=\"https:\/\/noticiasregionais.com.br\/wp-content\/uploads\/2025\/03\/WhatsApp-Image-2025-03-06-at-09.00.091-1024x819.jpeg\" alt=\"\" class=\"wp-image-4667\" srcset=\"https:\/\/noticiasregionais.com.br\/wp-content\/uploads\/2025\/03\/WhatsApp-Image-2025-03-06-at-09.00.091-1024x819.jpeg 1024w, https:\/\/noticiasregionais.com.br\/wp-content\/uploads\/2025\/03\/WhatsApp-Image-2025-03-06-at-09.00.091-300x240.jpeg 300w, https:\/\/noticiasregionais.com.br\/wp-content\/uploads\/2025\/03\/WhatsApp-Image-2025-03-06-at-09.00.091-768x614.jpeg 768w, https:\/\/noticiasregionais.com.br\/wp-content\/uploads\/2025\/03\/WhatsApp-Image-2025-03-06-at-09.00.091-1536x1228.jpeg 1536w, https:\/\/noticiasregionais.com.br\/wp-content\/uploads\/2025\/03\/WhatsApp-Image-2025-03-06-at-09.00.091.jpeg 1600w\" sizes=\"(max-width: 1024px) 100vw, 1024px\" \/><\/figure>\n\n\n\n<figure class=\"wp-block-image size-large\"><img decoding=\"async\" width=\"1024\" height=\"819\" data-id=\"4669\" src=\"https:\/\/noticiasregionais.com.br\/wp-content\/uploads\/2025\/03\/WhatsApp-Image-2025-03-06-at-09.00.081-1024x819.jpeg\" alt=\"\" class=\"wp-image-4669\" srcset=\"https:\/\/noticiasregionais.com.br\/wp-content\/uploads\/2025\/03\/WhatsApp-Image-2025-03-06-at-09.00.081-1024x819.jpeg 1024w, https:\/\/noticiasregionais.com.br\/wp-content\/uploads\/2025\/03\/WhatsApp-Image-2025-03-06-at-09.00.081-300x240.jpeg 300w, https:\/\/noticiasregionais.com.br\/wp-content\/uploads\/2025\/03\/WhatsApp-Image-2025-03-06-at-09.00.081-768x614.jpeg 768w, https:\/\/noticiasregionais.com.br\/wp-content\/uploads\/2025\/03\/WhatsApp-Image-2025-03-06-at-09.00.081-1536x1228.jpeg 1536w, https:\/\/noticiasregionais.com.br\/wp-content\/uploads\/2025\/03\/WhatsApp-Image-2025-03-06-at-09.00.081.jpeg 1600w\" sizes=\"(max-width: 1024px) 100vw, 1024px\" \/><\/figure>\n\n\n\n<figure class=\"wp-block-image size-large\"><img decoding=\"async\" width=\"1024\" height=\"819\" data-id=\"4668\" src=\"https:\/\/noticiasregionais.com.br\/wp-content\/uploads\/2025\/03\/WhatsApp-Image-2025-03-06-at-09.00.09-1024x819.jpeg\" alt=\"\" class=\"wp-image-4668\" srcset=\"https:\/\/noticiasregionais.com.br\/wp-content\/uploads\/2025\/03\/WhatsApp-Image-2025-03-06-at-09.00.09-1024x819.jpeg 1024w, https:\/\/noticiasregionais.com.br\/wp-content\/uploads\/2025\/03\/WhatsApp-Image-2025-03-06-at-09.00.09-300x240.jpeg 300w, https:\/\/noticiasregionais.com.br\/wp-content\/uploads\/2025\/03\/WhatsApp-Image-2025-03-06-at-09.00.09-768x614.jpeg 768w, https:\/\/noticiasregionais.com.br\/wp-content\/uploads\/2025\/03\/WhatsApp-Image-2025-03-06-at-09.00.09-1536x1228.jpeg 1536w, https:\/\/noticiasregionais.com.br\/wp-content\/uploads\/2025\/03\/WhatsApp-Image-2025-03-06-at-09.00.09.jpeg 1600w\" sizes=\"(max-width: 1024px) 100vw, 1024px\" \/><\/figure>\n<\/figure>\n<input type=\"hidden\" id=\"baseurl\" value=\"https:\/\/noticiasregionais.com.br\"><input type=\"hidden\" id=\"audio_nonce\" value=\"533fbb67b1\">","protected":false},"excerpt":{"rendered":"<p>Na sexta-feira (28), a Secretaria Municipal da Mulher e da Fam\u00edlia de Ourinhos realizou mais um encontro do projeto &#8220;Mulheres&hellip;<\/p>\n","protected":false},"author":1,"featured_media":4666,"comment_status":"closed","ping_status":"open","sticky":false,"template":"","format":"standard","meta":{"sfsi_plus_gutenberg_text_before_share":"","sfsi_plus_gutenberg_show_text_before_share":"","sfsi_plus_gutenberg_icon_type":"","sfsi_plus_gutenberg_icon_alignemt":"","sfsi_plus_gutenburg_max_per_row":"","footnotes":""},"categories":[5,10,1],"tags":[16],"class_list":["post-4665","post","type-post","status-publish","format-standard","has-post-thumbnail","hentry","category-ourinhos","category-destaques","category-noticias","tag-ourinhos"],"_links":{"self":[{"href":"https:\/\/noticiasregionais.com.br\/index.php?rest_route=\/wp\/v2\/posts\/4665","targetHints":{"allow":["GET"]}}],"collection":[{"href":"https:\/\/noticiasregionais.com.br\/index.php?rest_route=\/wp\/v2\/posts"}],"about":[{"href":"https:\/\/noticiasregionais.com.br\/index.php?rest_route=\/wp\/v2\/types\/post"}],"author":[{"embeddable":true,"href":"https:\/\/noticiasregionais.com.br\/index.php?rest_route=\/wp\/v2\/users\/1"}],"replies":[{"embeddable":true,"href":"https:\/\/noticiasregionais.com.br\/index.php?rest_route=%2Fwp%2Fv2%2Fcomments&post=4665"}],"version-history":[{"count":1,"href":"https:\/\/noticiasregionais.com.br\/index.php?rest_route=\/wp\/v2\/posts\/4665\/revisions"}],"predecessor-version":[{"id":4670,"href":"https:\/\/noticiasregionais.com.br\/index.php?rest_route=\/wp\/v2\/posts\/4665\/revisions\/4670"}],"wp:featuredmedia":[{"embeddable":true,"href":"https:\/\/noticiasregionais.com.br\/index.php?rest_route=\/wp\/v2\/media\/4666"}],"wp:attachment":[{"href":"https:\/\/noticiasregionais.com.br\/index.php?rest_route=%2Fwp%2Fv2%2Fmedia&parent=4665"}],"wp:term":[{"taxonomy":"category","embeddable":true,"href":"https:\/\/noticiasregionais.com.br\/index.php?rest_route=%2Fwp%2Fv2%2Fcategories&post=4665"},{"taxonomy":"post_tag","embeddable":true,"href":"https:\/\/noticiasregionais.com.br\/index.php?rest_route=%2Fwp%2Fv2%2Ftags&post=4665"}],"curies":[{"name":"wp","href":"https:\/\/api.w.org\/{rel}","templated":true}]}}