{"id":4671,"date":"2025-03-10T08:19:49","date_gmt":"2025-03-10T11:19:49","guid":{"rendered":"https:\/\/noticiasregionais.com.br\/?p=4671"},"modified":"2025-03-10T21:57:22","modified_gmt":"2025-03-11T00:57:22","slug":"mudanca-de-endereco-da-secretaria-de-inclusao-gera-economia-de-r-777-mil-para-a-prefeitura","status":"publish","type":"post","link":"https:\/\/noticiasregionais.com.br\/?p=4671","title":{"rendered":"Mudan\u00e7a de endere\u00e7o da Secretaria de Inclus\u00e3o gera economia de R$ 777 mil para a Prefeitura"},"content":{"rendered":"\n<p class=\"has-text-align-center\"><strong>Nova localiza\u00e7\u00e3o no centro facilita o acesso da popula\u00e7\u00e3o e elimina custos com aluguel<\/strong><\/p>\n\n\n\n<p>A Prefeitura de Ourinhos informa que a partir de hoje, 10 de Mar\u00e7o de 2025, a Secretaria Municipal de Inclus\u00e3o prestar\u00e1 seus atendimentos na Avenida Altino Arantes, n\u00ba 369 \u2013 Centro, onde anteriormente funcionava a SAE.<\/p>\n\n\n\n<p>A mudan\u00e7a facilitar\u00e1 o acesso dos cidad\u00e3os aos servi\u00e7os da Secretaria, que agora n\u00e3o precisam mais se deslocar al\u00e9m da regi\u00e3o central para um bairro mais distante. Al\u00e9m disso, a medida proporcionar\u00e1 uma economia de R$ 194.332,92 por ano, totalizando R$ 777.331,68 ao longo dos quatro anos de mandato do prefeito Guilherme Gon\u00e7alves, j\u00e1 que o novo pr\u00e9dio pertence \u00e0 Prefeitura e n\u00e3o gera custos de aluguel.<\/p>\n\n\n\n<p>No novo pr\u00e9dio, tamb\u00e9m j\u00e1 est\u00e3o abrigadas as Secretarias de Meio Ambiente e Agricultura e de Planejamento. A Secretaria de Comunica\u00e7\u00e3o, que dividia o espa\u00e7o com a Inclus\u00e3o no local anterior, tamb\u00e9m estar\u00e1 em novo endere\u00e7o a ser divulgado posteriormente.<\/p>\n\n\n\n<p>O prefeito Guilherme Gon\u00e7alves destacou que essa mudan\u00e7a refor\u00e7a o compromisso da gest\u00e3o com a efici\u00eancia dos gastos p\u00fablicos e a melhor utiliza\u00e7\u00e3o dos im\u00f3veis municipais. &#8220;Com essa realoca\u00e7\u00e3o, garantimos mais economia e praticidade para a popula\u00e7\u00e3o, sem comprometer a qualidade dos servi\u00e7os prestados&#8221;, afirmou o prefeito.<\/p>\n<input type=\"hidden\" id=\"baseurl\" value=\"https:\/\/noticiasregionais.com.br\"><input type=\"hidden\" id=\"audio_nonce\" value=\"533fbb67b1\">","protected":false},"excerpt":{"rendered":"<p>Nova localiza\u00e7\u00e3o no centro facilita o acesso da popula\u00e7\u00e3o e elimina custos com aluguel A Prefeitura de Ourinhos informa que&hellip;<\/p>\n","protected":false},"author":1,"featured_media":4672,"comment_status":"closed","ping_status":"open","sticky":false,"template":"","format":"standard","meta":{"sfsi_plus_gutenberg_text_before_share":"","sfsi_plus_gutenberg_show_text_before_share":"","sfsi_plus_gutenberg_icon_type":"","sfsi_plus_gutenberg_icon_alignemt":"","sfsi_plus_gutenburg_max_per_row":"","footnotes":""},"categories":[5,10,1],"tags":[16],"class_list":["post-4671","post","type-post","status-publish","format-standard","has-post-thumbnail","hentry","category-ourinhos","category-destaques","category-noticias","tag-ourinhos"],"_links":{"self":[{"href":"https:\/\/noticiasregionais.com.br\/index.php?rest_route=\/wp\/v2\/posts\/4671","targetHints":{"allow":["GET"]}}],"collection":[{"href":"https:\/\/noticiasregionais.com.br\/index.php?rest_route=\/wp\/v2\/posts"}],"about":[{"href":"https:\/\/noticiasregionais.com.br\/index.php?rest_route=\/wp\/v2\/types\/post"}],"author":[{"embeddable":true,"href":"https:\/\/noticiasregionais.com.br\/index.php?rest_route=\/wp\/v2\/users\/1"}],"replies":[{"embeddable":true,"href":"https:\/\/noticiasregionais.com.br\/index.php?rest_route=%2Fwp%2Fv2%2Fcomments&post=4671"}],"version-history":[{"count":1,"href":"https:\/\/noticiasregionais.com.br\/index.php?rest_route=\/wp\/v2\/posts\/4671\/revisions"}],"predecessor-version":[{"id":4673,"href":"https:\/\/noticiasregionais.com.br\/index.php?rest_route=\/wp\/v2\/posts\/4671\/revisions\/4673"}],"wp:featuredmedia":[{"embeddable":true,"href":"https:\/\/noticiasregionais.com.br\/index.php?rest_route=\/wp\/v2\/media\/4672"}],"wp:attachment":[{"href":"https:\/\/noticiasregionais.com.br\/index.php?rest_route=%2Fwp%2Fv2%2Fmedia&parent=4671"}],"wp:term":[{"taxonomy":"category","embeddable":true,"href":"https:\/\/noticiasregionais.com.br\/index.php?rest_route=%2Fwp%2Fv2%2Fcategories&post=4671"},{"taxonomy":"post_tag","embeddable":true,"href":"https:\/\/noticiasregionais.com.br\/index.php?rest_route=%2Fwp%2Fv2%2Ftags&post=4671"}],"curies":[{"name":"wp","href":"https:\/\/api.w.org\/{rel}","templated":true}]}}