{"id":4674,"date":"2025-03-10T09:13:23","date_gmt":"2025-03-10T12:13:23","guid":{"rendered":"https:\/\/noticiasregionais.com.br\/?p=4674"},"modified":"2025-03-10T09:16:25","modified_gmt":"2025-03-10T12:16:25","slug":"vereadores-cobram-informacoes-sobre-a-retomada-das-obras-do-cras-v-na-vila-brasil","status":"publish","type":"post","link":"https:\/\/noticiasregionais.com.br\/?p=4674","title":{"rendered":"Vereadores cobram informa\u00e7\u00f5es sobre a retomada das obras do CRAS V na Vila Brasil"},"content":{"rendered":"\n<p>Os vereadores An\u00edsio Felicetti e Santiago apresentaram o Requerimento n\u00ba 336\/2025 durante a 4\u00aa Sess\u00e3o Ordin\u00e1ria, solicitando esclarecimentos sobre as a\u00e7\u00f5es da Prefeitura para retomar as obras do CRAS V, na Vila Brasil, que est\u00e3o paralisadas.<\/p>\n\n\n\n<p>A empresa respons\u00e1vel pela constru\u00e7\u00e3o abandonou o projeto no ano passado, ap\u00f3s um pagamento errado realizado pela antiga gest\u00e3o, em conta banc\u00e1ria diferente da que constava na observa\u00e7\u00e3o da Nota Fiscal. O Ex Prefeito atribuiu o erro a empresa, deixando a comunidade sem o equipamento p\u00fablico essencial. &#8220;Desde 2017, tenho lutado para garantir que a Vila Brasil tenha um CRAS, pois \u00e9 uma regi\u00e3o com grande vulnerabilidade social e que necessita desse atendimento. Infelizmente, a obra n\u00e3o foi conclu\u00edda devido a quest\u00f5es jur\u00eddicas, j\u00e1 que a empresa contratada desistiu e a segunda colocada na licita\u00e7\u00e3o n\u00e3o aceitou assumir o servi\u00e7o&#8221;, explicou o vereador.<\/p>\n\n\n\n<p>Ele enfatizou que \u00e9 fundamental que a atual administra\u00e7\u00e3o priorize a finaliza\u00e7\u00e3o do CRAS V. &#8220;A popula\u00e7\u00e3o est\u00e1 esperando h\u00e1 muito tempo e essa deve ser uma das prioridades. J\u00e1 solicitei uma reuni\u00e3o com o prefeito Guilherme Gon\u00e7alves para discutir esse assunto e espero que possamos entregar essa unidade ainda este ano&#8221;, afirmou.<\/p>\n\n\n\n<p>O vereador Santiago refor\u00e7ou a import\u00e2ncia de manter a obra em pauta e garantir sua conclus\u00e3o. &#8220;N\u00e3o podemos permitir que essa constru\u00e7\u00e3o caia no esquecimento. Esperamos que a gest\u00e3o trate essa demanda com urg\u00eancia e compromisso. Esse processo \u00e9 complexo, mas estamos aqui para contribuir e garantir que o CRAS V seja conclu\u00eddo o quanto antes&#8221;, declarou.<\/p>\n<input type=\"hidden\" id=\"baseurl\" value=\"https:\/\/noticiasregionais.com.br\"><input type=\"hidden\" id=\"audio_nonce\" value=\"3cdc555a10\">","protected":false},"excerpt":{"rendered":"<p>Os vereadores An\u00edsio Felicetti e Santiago apresentaram o Requerimento n\u00ba 336\/2025 durante a 4\u00aa Sess\u00e3o Ordin\u00e1ria, solicitando esclarecimentos sobre as&hellip;<\/p>\n","protected":false},"author":1,"featured_media":4675,"comment_status":"closed","ping_status":"open","sticky":false,"template":"","format":"standard","meta":{"sfsi_plus_gutenberg_text_before_share":"","sfsi_plus_gutenberg_show_text_before_share":"","sfsi_plus_gutenberg_icon_type":"","sfsi_plus_gutenberg_icon_alignemt":"","sfsi_plus_gutenburg_max_per_row":"","footnotes":""},"categories":[5,10,1],"tags":[16],"class_list":["post-4674","post","type-post","status-publish","format-standard","has-post-thumbnail","hentry","category-ourinhos","category-destaques","category-noticias","tag-ourinhos"],"_links":{"self":[{"href":"https:\/\/noticiasregionais.com.br\/index.php?rest_route=\/wp\/v2\/posts\/4674","targetHints":{"allow":["GET"]}}],"collection":[{"href":"https:\/\/noticiasregionais.com.br\/index.php?rest_route=\/wp\/v2\/posts"}],"about":[{"href":"https:\/\/noticiasregionais.com.br\/index.php?rest_route=\/wp\/v2\/types\/post"}],"author":[{"embeddable":true,"href":"https:\/\/noticiasregionais.com.br\/index.php?rest_route=\/wp\/v2\/users\/1"}],"replies":[{"embeddable":true,"href":"https:\/\/noticiasregionais.com.br\/index.php?rest_route=%2Fwp%2Fv2%2Fcomments&post=4674"}],"version-history":[{"count":1,"href":"https:\/\/noticiasregionais.com.br\/index.php?rest_route=\/wp\/v2\/posts\/4674\/revisions"}],"predecessor-version":[{"id":4676,"href":"https:\/\/noticiasregionais.com.br\/index.php?rest_route=\/wp\/v2\/posts\/4674\/revisions\/4676"}],"wp:featuredmedia":[{"embeddable":true,"href":"https:\/\/noticiasregionais.com.br\/index.php?rest_route=\/wp\/v2\/media\/4675"}],"wp:attachment":[{"href":"https:\/\/noticiasregionais.com.br\/index.php?rest_route=%2Fwp%2Fv2%2Fmedia&parent=4674"}],"wp:term":[{"taxonomy":"category","embeddable":true,"href":"https:\/\/noticiasregionais.com.br\/index.php?rest_route=%2Fwp%2Fv2%2Fcategories&post=4674"},{"taxonomy":"post_tag","embeddable":true,"href":"https:\/\/noticiasregionais.com.br\/index.php?rest_route=%2Fwp%2Fv2%2Ftags&post=4674"}],"curies":[{"name":"wp","href":"https:\/\/api.w.org\/{rel}","templated":true}]}}