{"id":4677,"date":"2025-03-10T11:56:58","date_gmt":"2025-03-10T14:56:58","guid":{"rendered":"https:\/\/noticiasregionais.com.br\/?p=4677"},"modified":"2025-03-10T11:57:01","modified_gmt":"2025-03-10T14:57:01","slug":"unidade-de-saude-da-vila-sao-luis-sera-exclusiva-para-atendimento-de-dengue-em-ourinhos","status":"publish","type":"post","link":"https:\/\/noticiasregionais.com.br\/?p=4677","title":{"rendered":"Unidade de Sa\u00fade da vila S\u00e3o Lu\u00eds ser\u00e1 exclusiva para atendimento de dengue em Ourinhos"},"content":{"rendered":"\n<p>Ourinhos, SP \u2013 Com o aumento expressivo dos casos de dengue, a Prefeitura de Ourinhos, por meio da Secretaria Municipal de Sa\u00fade, anunciou uma reorganiza\u00e7\u00e3o nos atendimentos m\u00e9dicos para otimizar o suporte aos pacientes. A partir da pr\u00f3xima segunda-feira, a Unidade de Sa\u00fade da Vila S\u00e3o Lu\u00eds passar\u00e1 a atender exclusivamente casos suspeitos ou confirmados da doen\u00e7a.<\/p>\n\n\n\n<h3 class=\"wp-block-heading\">Reestrutura\u00e7\u00e3o dos Servi\u00e7os de Sa\u00fade:<\/h3>\n\n\n\n<p>\u2705 <strong>Obstetr\u00edcia e Pediatria no Guapor\u00e9<\/strong><\/p>\n\n\n\n<ul class=\"wp-block-list\">\n<li>Consultas com a obstetra Roberta Cadide e os pediatras Andr\u00e9 e Hellen, anteriormente realizadas na Vila S\u00e3o Lu\u00eds, ser\u00e3o transferidas para a Unidade de Sa\u00fade do Guapor\u00e9. Os atendimentos seguir\u00e3o o cronograma j\u00e1 estabelecido.<\/li>\n<\/ul>\n\n\n\n<p>\u2705 <strong>Acompanhamento Pr\u00e9-Natal no PSF Itajubi<\/strong><\/p>\n\n\n\n<ul class=\"wp-block-list\">\n<li>Gestantes que iniciar\u00e3o o acompanhamento pr\u00e9-natal dever\u00e3o procurar o PSF Itajubi para o atendimento.<\/li>\n<\/ul>\n\n\n\n<p>\u2705 <strong>Dr. La\u00e9rcio Atender\u00e1 na Vila Margarida<\/strong><\/p>\n\n\n\n<ul class=\"wp-block-list\">\n<li>O m\u00e9dico Dr. La\u00e9rcio, que realizava consultas na Vila S\u00e3o Lu\u00eds, agora atender\u00e1 na Unidade de Sa\u00fade da Vila Margarida, mantendo o mesmo cronograma de atendimentos.<\/li>\n<\/ul>\n\n\n\n<p>\u2705 <strong>Sala de Vacina\u00e7\u00e3o Transferida para a Vila Margarida<\/strong><\/p>\n\n\n\n<ul class=\"wp-block-list\">\n<li>Para garantir a continuidade da imuniza\u00e7\u00e3o, a sala de vacinas da Vila S\u00e3o Lu\u00eds ser\u00e1 realocada para a Unidade de Sa\u00fade da Vila Margarida.<\/li>\n<\/ul>\n\n\n\n<p>Essa reorganiza\u00e7\u00e3o tempor\u00e1ria tem como objetivo garantir um atendimento mais eficiente e \u00e1gil para os pacientes com dengue, sem prejudicar os demais servi\u00e7os m\u00e9dicos essenciais. A popula\u00e7\u00e3o deve procurar as novas unidades conforme sua necessidade.<\/p>\n\n\n\n<p>Para mais informa\u00e7\u00f5es, entre em contato com a unidade de sa\u00fade mais pr\u00f3xima.<\/p>\n<input type=\"hidden\" id=\"baseurl\" value=\"https:\/\/noticiasregionais.com.br\"><input type=\"hidden\" id=\"audio_nonce\" value=\"533fbb67b1\">","protected":false},"excerpt":{"rendered":"<p>Ourinhos, SP \u2013 Com o aumento expressivo dos casos de dengue, a Prefeitura de Ourinhos, por meio da Secretaria Municipal&hellip;<\/p>\n","protected":false},"author":1,"featured_media":4678,"comment_status":"closed","ping_status":"open","sticky":false,"template":"","format":"standard","meta":{"sfsi_plus_gutenberg_text_before_share":"","sfsi_plus_gutenberg_show_text_before_share":"","sfsi_plus_gutenberg_icon_type":"","sfsi_plus_gutenberg_icon_alignemt":"","sfsi_plus_gutenburg_max_per_row":"","footnotes":""},"categories":[5,10,1],"tags":[16],"class_list":["post-4677","post","type-post","status-publish","format-standard","has-post-thumbnail","hentry","category-ourinhos","category-destaques","category-noticias","tag-ourinhos"],"_links":{"self":[{"href":"https:\/\/noticiasregionais.com.br\/index.php?rest_route=\/wp\/v2\/posts\/4677","targetHints":{"allow":["GET"]}}],"collection":[{"href":"https:\/\/noticiasregionais.com.br\/index.php?rest_route=\/wp\/v2\/posts"}],"about":[{"href":"https:\/\/noticiasregionais.com.br\/index.php?rest_route=\/wp\/v2\/types\/post"}],"author":[{"embeddable":true,"href":"https:\/\/noticiasregionais.com.br\/index.php?rest_route=\/wp\/v2\/users\/1"}],"replies":[{"embeddable":true,"href":"https:\/\/noticiasregionais.com.br\/index.php?rest_route=%2Fwp%2Fv2%2Fcomments&post=4677"}],"version-history":[{"count":1,"href":"https:\/\/noticiasregionais.com.br\/index.php?rest_route=\/wp\/v2\/posts\/4677\/revisions"}],"predecessor-version":[{"id":4679,"href":"https:\/\/noticiasregionais.com.br\/index.php?rest_route=\/wp\/v2\/posts\/4677\/revisions\/4679"}],"wp:featuredmedia":[{"embeddable":true,"href":"https:\/\/noticiasregionais.com.br\/index.php?rest_route=\/wp\/v2\/media\/4678"}],"wp:attachment":[{"href":"https:\/\/noticiasregionais.com.br\/index.php?rest_route=%2Fwp%2Fv2%2Fmedia&parent=4677"}],"wp:term":[{"taxonomy":"category","embeddable":true,"href":"https:\/\/noticiasregionais.com.br\/index.php?rest_route=%2Fwp%2Fv2%2Fcategories&post=4677"},{"taxonomy":"post_tag","embeddable":true,"href":"https:\/\/noticiasregionais.com.br\/index.php?rest_route=%2Fwp%2Fv2%2Ftags&post=4677"}],"curies":[{"name":"wp","href":"https:\/\/api.w.org\/{rel}","templated":true}]}}