{"id":4683,"date":"2025-03-10T21:56:31","date_gmt":"2025-03-11T00:56:31","guid":{"rendered":"https:\/\/noticiasregionais.com.br\/?p=4683"},"modified":"2025-03-10T21:56:42","modified_gmt":"2025-03-11T00:56:42","slug":"homem-e-preso-por-tentativa-de-feminicidio-e-homicidio-em-santa-cruz-do-rio-pardo","status":"publish","type":"post","link":"https:\/\/noticiasregionais.com.br\/?p=4683","title":{"rendered":"Homem \u00e9 preso por tentativa de feminic\u00eddio e homic\u00eddio em Santa Cruz do Rio Pardo"},"content":{"rendered":"\n<p>Na manh\u00e3 desta segunda-feira (10), a Pol\u00edcia Militar, por meio da Equipe K9 do 13\u00ba BAEP, prendeu um homem de 49 anos acusado de atacar tr\u00eas mulheres com um fac\u00e3o no bairro Caporanga, em Santa Cruz do Rio Pardo (SP).<\/p>\n\n\n\n<p>As v\u00edtimas sofreram ferimentos graves e foram encaminhadas \u00e0 Santa Casa de Ourinhos, onde duas delas seguem internadas em estado cr\u00edtico.<\/p>\n\n\n\n<p>A abordagem ao suspeito ocorreu ap\u00f3s den\u00fancia, resultando em sua pris\u00e3o em flagrante. O caso foi encaminhado \u00e0 Delegacia de S\u00e3o Pedro do Turvo, onde a Pol\u00edcia Civil confirmou a deten\u00e7\u00e3o do agressor, que permanece sob cust\u00f3dia da Justi\u00e7a.<\/p>\n\n\n\n<figure class=\"wp-block-gallery has-nested-images columns-default is-cropped wp-block-gallery-1 is-layout-flex wp-block-gallery-is-layout-flex\">\n<figure class=\"wp-block-image size-large\"><img decoding=\"async\" width=\"788\" height=\"1024\" data-id=\"4685\" src=\"https:\/\/noticiasregionais.com.br\/wp-content\/uploads\/2025\/03\/WhatsApp-Image-2025-03-10-at-18.14.51-1-788x1024.jpeg\" alt=\"\" class=\"wp-image-4685\" srcset=\"https:\/\/noticiasregionais.com.br\/wp-content\/uploads\/2025\/03\/WhatsApp-Image-2025-03-10-at-18.14.51-1-788x1024.jpeg 788w, https:\/\/noticiasregionais.com.br\/wp-content\/uploads\/2025\/03\/WhatsApp-Image-2025-03-10-at-18.14.51-1-231x300.jpeg 231w, https:\/\/noticiasregionais.com.br\/wp-content\/uploads\/2025\/03\/WhatsApp-Image-2025-03-10-at-18.14.51-1-768x999.jpeg 768w, https:\/\/noticiasregionais.com.br\/wp-content\/uploads\/2025\/03\/WhatsApp-Image-2025-03-10-at-18.14.51-1-1181x1536.jpeg 1181w, https:\/\/noticiasregionais.com.br\/wp-content\/uploads\/2025\/03\/WhatsApp-Image-2025-03-10-at-18.14.51-1-1575x2048.jpeg 1575w, https:\/\/noticiasregionais.com.br\/wp-content\/uploads\/2025\/03\/WhatsApp-Image-2025-03-10-at-18.14.51-1.jpeg 1969w\" sizes=\"(max-width: 788px) 100vw, 788px\" \/><\/figure>\n\n\n\n<figure class=\"wp-block-image size-large\"><img decoding=\"async\" width=\"788\" height=\"1024\" data-id=\"4686\" src=\"https:\/\/noticiasregionais.com.br\/wp-content\/uploads\/2025\/03\/WhatsApp-Image-2025-03-10-at-18.14.52-788x1024.jpeg\" alt=\"\" class=\"wp-image-4686\" srcset=\"https:\/\/noticiasregionais.com.br\/wp-content\/uploads\/2025\/03\/WhatsApp-Image-2025-03-10-at-18.14.52-788x1024.jpeg 788w, https:\/\/noticiasregionais.com.br\/wp-content\/uploads\/2025\/03\/WhatsApp-Image-2025-03-10-at-18.14.52-231x300.jpeg 231w, https:\/\/noticiasregionais.com.br\/wp-content\/uploads\/2025\/03\/WhatsApp-Image-2025-03-10-at-18.14.52-768x999.jpeg 768w, https:\/\/noticiasregionais.com.br\/wp-content\/uploads\/2025\/03\/WhatsApp-Image-2025-03-10-at-18.14.52-1181x1536.jpeg 1181w, https:\/\/noticiasregionais.com.br\/wp-content\/uploads\/2025\/03\/WhatsApp-Image-2025-03-10-at-18.14.52-1575x2048.jpeg 1575w, https:\/\/noticiasregionais.com.br\/wp-content\/uploads\/2025\/03\/WhatsApp-Image-2025-03-10-at-18.14.52.jpeg 1969w\" sizes=\"(max-width: 788px) 100vw, 788px\" \/><\/figure>\n<\/figure>\n<input type=\"hidden\" id=\"baseurl\" value=\"https:\/\/noticiasregionais.com.br\"><input type=\"hidden\" id=\"audio_nonce\" value=\"5c13e0637f\">","protected":false},"excerpt":{"rendered":"<p>Na manh\u00e3 desta segunda-feira (10), a Pol\u00edcia Militar, por meio da Equipe K9 do 13\u00ba BAEP, prendeu um homem de&hellip;<\/p>\n","protected":false},"author":1,"featured_media":4684,"comment_status":"closed","ping_status":"open","sticky":false,"template":"","format":"standard","meta":{"sfsi_plus_gutenberg_text_before_share":"","sfsi_plus_gutenberg_show_text_before_share":"","sfsi_plus_gutenberg_icon_type":"","sfsi_plus_gutenberg_icon_alignemt":"","sfsi_plus_gutenburg_max_per_row":"","footnotes":""},"categories":[6,10,1],"tags":[31],"class_list":["post-4683","post","type-post","status-publish","format-standard","has-post-thumbnail","hentry","category-sao_paulo","category-destaques","category-noticias","tag-sao_pedro_do_turvo"],"_links":{"self":[{"href":"https:\/\/noticiasregionais.com.br\/index.php?rest_route=\/wp\/v2\/posts\/4683","targetHints":{"allow":["GET"]}}],"collection":[{"href":"https:\/\/noticiasregionais.com.br\/index.php?rest_route=\/wp\/v2\/posts"}],"about":[{"href":"https:\/\/noticiasregionais.com.br\/index.php?rest_route=\/wp\/v2\/types\/post"}],"author":[{"embeddable":true,"href":"https:\/\/noticiasregionais.com.br\/index.php?rest_route=\/wp\/v2\/users\/1"}],"replies":[{"embeddable":true,"href":"https:\/\/noticiasregionais.com.br\/index.php?rest_route=%2Fwp%2Fv2%2Fcomments&post=4683"}],"version-history":[{"count":1,"href":"https:\/\/noticiasregionais.com.br\/index.php?rest_route=\/wp\/v2\/posts\/4683\/revisions"}],"predecessor-version":[{"id":4687,"href":"https:\/\/noticiasregionais.com.br\/index.php?rest_route=\/wp\/v2\/posts\/4683\/revisions\/4687"}],"wp:featuredmedia":[{"embeddable":true,"href":"https:\/\/noticiasregionais.com.br\/index.php?rest_route=\/wp\/v2\/media\/4684"}],"wp:attachment":[{"href":"https:\/\/noticiasregionais.com.br\/index.php?rest_route=%2Fwp%2Fv2%2Fmedia&parent=4683"}],"wp:term":[{"taxonomy":"category","embeddable":true,"href":"https:\/\/noticiasregionais.com.br\/index.php?rest_route=%2Fwp%2Fv2%2Fcategories&post=4683"},{"taxonomy":"post_tag","embeddable":true,"href":"https:\/\/noticiasregionais.com.br\/index.php?rest_route=%2Fwp%2Fv2%2Ftags&post=4683"}],"curies":[{"name":"wp","href":"https:\/\/api.w.org\/{rel}","templated":true}]}}