{"id":4688,"date":"2025-03-11T08:37:35","date_gmt":"2025-03-11T11:37:35","guid":{"rendered":"https:\/\/noticiasregionais.com.br\/?p=4688"},"modified":"2025-03-11T08:37:38","modified_gmt":"2025-03-11T11:37:38","slug":"policia-civil-realiza-operacao-hera-em-ourinhos-para-combater-violencia-contra-a-mulher","status":"publish","type":"post","link":"https:\/\/noticiasregionais.com.br\/?p=4688","title":{"rendered":"Pol\u00edcia Civil realiza opera\u00e7\u00e3o &#8220;HERA&#8221; em Ourinhos para combater viol\u00eancia contra a mulher"},"content":{"rendered":"\n<p>Na sexta-feira, dia 07, em alus\u00e3o ao Dia Internacional da Mulher, a Delegacia de Defesa da Mulher (DDM) de Ourinhos\/SP, em parceria com a Secretaria Municipal da Mulher e da Fam\u00edlia, deflagrou a opera\u00e7\u00e3o &#8220;HERA&#8221;. A a\u00e7\u00e3o teve como objetivo intensificar o combate \u00e0 viol\u00eancia contra a mulher e ao feminic\u00eddio, refor\u00e7ando a fiscaliza\u00e7\u00e3o de medidas protetivas de urg\u00eancia.<\/p>\n\n\n\n<p>Ao longo da opera\u00e7\u00e3o, policiais civis e funcion\u00e1rios da Secretaria da Mulher compareceram a 27 resid\u00eancias de v\u00edtimas que solicitaram medidas protetivas, como afastamento do lar e proibi\u00e7\u00e3o de aproxima\u00e7\u00e3o dos agressores. Durante as visitas, n\u00e3o foi identificado o descumprimento das ordens judiciais. As v\u00edtimas receberam orienta\u00e7\u00f5es da delegada Dra. Renata Barrionuevo Ruiz de Oliveira sobre seus direitos e os benef\u00edcios garantidos pela Lei Maria da Penha.<\/p>\n\n\n\n<p>A Secret\u00e1ria da Mulher e da Fam\u00edlia, Caroline Mara Marvulli Dias, tamb\u00e9m participou da iniciativa, fornecendo informa\u00e7\u00f5es sobre os servi\u00e7os prestados pela secretaria. Entre os aux\u00edlios oferecidos est\u00e3o acolhimento, prote\u00e7\u00e3o social, palestras, cursos e suporte psicossocial.<\/p>\n\n\n\n<p>A DDM de Ourinhos\/SP reafirma seu compromisso com a seguran\u00e7a das mulheres e anuncia que as a\u00e7\u00f5es de fiscaliza\u00e7\u00e3o e conscientiza\u00e7\u00e3o ser\u00e3o intensificadas, visando prevenir novos casos de viol\u00eancia dom\u00e9stica e proteger as v\u00edtimas.<\/p>\n\n\n\n<p>A opera\u00e7\u00e3o &#8220;HERA&#8221; simboliza um importante avan\u00e7o na luta contra a viol\u00eancia de g\u00eanero, refor\u00e7ando a necessidade de pol\u00edticas p\u00fablicas efetivas e do apoio da sociedade na defesa dos direitos das mulheres.<\/p>\n\n\n<div class=\"wp-block-image\">\n<figure class=\"aligncenter size-large\"><img decoding=\"async\" width=\"1024\" height=\"768\" src=\"https:\/\/noticiasregionais.com.br\/wp-content\/uploads\/2025\/03\/WhatsApp-Image-2025-03-10-at-16.20.43-1024x768.jpeg\" alt=\"\" class=\"wp-image-4689\" srcset=\"https:\/\/noticiasregionais.com.br\/wp-content\/uploads\/2025\/03\/WhatsApp-Image-2025-03-10-at-16.20.43-1024x768.jpeg 1024w, https:\/\/noticiasregionais.com.br\/wp-content\/uploads\/2025\/03\/WhatsApp-Image-2025-03-10-at-16.20.43-300x225.jpeg 300w, https:\/\/noticiasregionais.com.br\/wp-content\/uploads\/2025\/03\/WhatsApp-Image-2025-03-10-at-16.20.43-768x576.jpeg 768w, https:\/\/noticiasregionais.com.br\/wp-content\/uploads\/2025\/03\/WhatsApp-Image-2025-03-10-at-16.20.43-1536x1152.jpeg 1536w, https:\/\/noticiasregionais.com.br\/wp-content\/uploads\/2025\/03\/WhatsApp-Image-2025-03-10-at-16.20.43-2048x1536.jpeg 2048w\" sizes=\"(max-width: 1024px) 100vw, 1024px\" \/><\/figure>\n<\/div><input type=\"hidden\" id=\"baseurl\" value=\"https:\/\/noticiasregionais.com.br\"><input type=\"hidden\" id=\"audio_nonce\" value=\"5c13e0637f\">","protected":false},"excerpt":{"rendered":"<p>Na sexta-feira, dia 07, em alus\u00e3o ao Dia Internacional da Mulher, a Delegacia de Defesa da Mulher (DDM) de Ourinhos\/SP,&hellip;<\/p>\n","protected":false},"author":1,"featured_media":4690,"comment_status":"closed","ping_status":"open","sticky":false,"template":"","format":"standard","meta":{"sfsi_plus_gutenberg_text_before_share":"","sfsi_plus_gutenberg_show_text_before_share":"","sfsi_plus_gutenberg_icon_type":"","sfsi_plus_gutenberg_icon_alignemt":"","sfsi_plus_gutenburg_max_per_row":"","footnotes":""},"categories":[5,10,1],"tags":[16],"class_list":["post-4688","post","type-post","status-publish","format-standard","has-post-thumbnail","hentry","category-ourinhos","category-destaques","category-noticias","tag-ourinhos"],"_links":{"self":[{"href":"https:\/\/noticiasregionais.com.br\/index.php?rest_route=\/wp\/v2\/posts\/4688","targetHints":{"allow":["GET"]}}],"collection":[{"href":"https:\/\/noticiasregionais.com.br\/index.php?rest_route=\/wp\/v2\/posts"}],"about":[{"href":"https:\/\/noticiasregionais.com.br\/index.php?rest_route=\/wp\/v2\/types\/post"}],"author":[{"embeddable":true,"href":"https:\/\/noticiasregionais.com.br\/index.php?rest_route=\/wp\/v2\/users\/1"}],"replies":[{"embeddable":true,"href":"https:\/\/noticiasregionais.com.br\/index.php?rest_route=%2Fwp%2Fv2%2Fcomments&post=4688"}],"version-history":[{"count":1,"href":"https:\/\/noticiasregionais.com.br\/index.php?rest_route=\/wp\/v2\/posts\/4688\/revisions"}],"predecessor-version":[{"id":4691,"href":"https:\/\/noticiasregionais.com.br\/index.php?rest_route=\/wp\/v2\/posts\/4688\/revisions\/4691"}],"wp:featuredmedia":[{"embeddable":true,"href":"https:\/\/noticiasregionais.com.br\/index.php?rest_route=\/wp\/v2\/media\/4690"}],"wp:attachment":[{"href":"https:\/\/noticiasregionais.com.br\/index.php?rest_route=%2Fwp%2Fv2%2Fmedia&parent=4688"}],"wp:term":[{"taxonomy":"category","embeddable":true,"href":"https:\/\/noticiasregionais.com.br\/index.php?rest_route=%2Fwp%2Fv2%2Fcategories&post=4688"},{"taxonomy":"post_tag","embeddable":true,"href":"https:\/\/noticiasregionais.com.br\/index.php?rest_route=%2Fwp%2Fv2%2Ftags&post=4688"}],"curies":[{"name":"wp","href":"https:\/\/api.w.org\/{rel}","templated":true}]}}