{"id":4692,"date":"2025-03-11T09:03:24","date_gmt":"2025-03-11T12:03:24","guid":{"rendered":"https:\/\/noticiasregionais.com.br\/?p=4692"},"modified":"2025-03-11T09:03:36","modified_gmt":"2025-03-11T12:03:36","slug":"encontro-de-prefeitos-da-bacia-do-rio-paranapanema-acontecera-em-piraju-sp","status":"publish","type":"post","link":"https:\/\/noticiasregionais.com.br\/?p=4692","title":{"rendered":"Encontro de prefeitos da bacia do rio Paranapanema acontecer\u00e1 em Piraju\/SP"},"content":{"rendered":"\n<p>No pr\u00f3ximo dia 25 de mar\u00e7o, a cidade de Piraju\/SP sediar\u00e1 a 9\u00aa edi\u00e7\u00e3o do Encontro de Prefeitos, Cons\u00f3rcios Intermunicipais e Associa\u00e7\u00f5es de Munic\u00edpios do Paranapanema. O evento, organizado pelo Comit\u00ea da Bacia Hidrogr\u00e1fica do Rio Paranapanema (CBH Paranapanema), tem como objetivo incentivar a coopera\u00e7\u00e3o entre os gestores municipais e fortalecer as a\u00e7\u00f5es voltadas \u00e0 melhoria da qualidade da \u00e1gua e ao bem-estar da popula\u00e7\u00e3o da regi\u00e3o.<\/p>\n\n\n\n<p>Os 247 prefeitos que integram a bacia foram convidados para discutir temas fundamentais sobre a gest\u00e3o dos recursos h\u00eddricos. Entre os palestrantes, a prefeita de Presidente Venceslau e presidente do CBH Pontal do Paranapanema, B\u00e1rbara Vilches, abordar\u00e1 o papel do Poder P\u00fablico Municipal na administra\u00e7\u00e3o das \u00e1guas.<\/p>\n\n\n\n<p>O evento tamb\u00e9m contar\u00e1 com a participa\u00e7\u00e3o de representantes dos \u00f3rg\u00e3os estaduais de gest\u00e3o de recursos h\u00eddricos, como o Instituto \u00c1gua e Terra do Paranapanema e a Ag\u00eancia de \u00c1guas do Estado de S\u00e3o Paulo, que trar\u00e3o informa\u00e7\u00f5es sobre o apoio oferecido aos munic\u00edpios. Para encerrar, o Coordenador da Ag\u00eancia Nacional de \u00c1guas e Saneamento B\u00e1sico (ANA), M\u00e1rcio Ara\u00fajo, apresentar\u00e1 as principais iniciativas do Plano Integrado de Recursos H\u00eddricos (PIRH) para a bacia, destacando a responsabilidade dos gestores municipais na sua implementa\u00e7\u00e3o.<\/p>\n\n\n\n<p>O encontro representa uma oportunidade essencial para troca de experi\u00eancias, planejamento e avan\u00e7o nas pol\u00edticas p\u00fablicas voltadas \u00e0 gest\u00e3o da \u00e1gua na Bacia do Rio Paranapanema.<\/p>\n\n\n\n<p><sub>imagem: <a href=\"https:\/\/www.paranapanema.org\/nivel-dos-reservatorios-do-paranapanema-voltam-a-abaixar\/\" target=\"_blank\" rel=\"noopener\">https:\/\/www.paranapanema.org\/nivel-dos-reservatorios-do-paranapanema-voltam-a-abaixar\/<\/a><\/sub><\/p>\n\n\n\n<p><\/p>\n<input type=\"hidden\" id=\"baseurl\" value=\"https:\/\/noticiasregionais.com.br\"><input type=\"hidden\" id=\"audio_nonce\" value=\"533fbb67b1\">","protected":false},"excerpt":{"rendered":"<p>No pr\u00f3ximo dia 25 de mar\u00e7o, a cidade de Piraju\/SP sediar\u00e1 a 9\u00aa edi\u00e7\u00e3o do Encontro de Prefeitos, Cons\u00f3rcios Intermunicipais&hellip;<\/p>\n","protected":false},"author":1,"featured_media":4693,"comment_status":"closed","ping_status":"open","sticky":false,"template":"","format":"standard","meta":{"sfsi_plus_gutenberg_text_before_share":"","sfsi_plus_gutenberg_show_text_before_share":"","sfsi_plus_gutenberg_icon_type":"","sfsi_plus_gutenberg_icon_alignemt":"","sfsi_plus_gutenburg_max_per_row":"","footnotes":""},"categories":[6,10,1],"tags":[32],"class_list":["post-4692","post","type-post","status-publish","format-standard","has-post-thumbnail","hentry","category-sao_paulo","category-destaques","category-noticias","tag-piraju"],"_links":{"self":[{"href":"https:\/\/noticiasregionais.com.br\/index.php?rest_route=\/wp\/v2\/posts\/4692","targetHints":{"allow":["GET"]}}],"collection":[{"href":"https:\/\/noticiasregionais.com.br\/index.php?rest_route=\/wp\/v2\/posts"}],"about":[{"href":"https:\/\/noticiasregionais.com.br\/index.php?rest_route=\/wp\/v2\/types\/post"}],"author":[{"embeddable":true,"href":"https:\/\/noticiasregionais.com.br\/index.php?rest_route=\/wp\/v2\/users\/1"}],"replies":[{"embeddable":true,"href":"https:\/\/noticiasregionais.com.br\/index.php?rest_route=%2Fwp%2Fv2%2Fcomments&post=4692"}],"version-history":[{"count":1,"href":"https:\/\/noticiasregionais.com.br\/index.php?rest_route=\/wp\/v2\/posts\/4692\/revisions"}],"predecessor-version":[{"id":4694,"href":"https:\/\/noticiasregionais.com.br\/index.php?rest_route=\/wp\/v2\/posts\/4692\/revisions\/4694"}],"wp:featuredmedia":[{"embeddable":true,"href":"https:\/\/noticiasregionais.com.br\/index.php?rest_route=\/wp\/v2\/media\/4693"}],"wp:attachment":[{"href":"https:\/\/noticiasregionais.com.br\/index.php?rest_route=%2Fwp%2Fv2%2Fmedia&parent=4692"}],"wp:term":[{"taxonomy":"category","embeddable":true,"href":"https:\/\/noticiasregionais.com.br\/index.php?rest_route=%2Fwp%2Fv2%2Fcategories&post=4692"},{"taxonomy":"post_tag","embeddable":true,"href":"https:\/\/noticiasregionais.com.br\/index.php?rest_route=%2Fwp%2Fv2%2Ftags&post=4692"}],"curies":[{"name":"wp","href":"https:\/\/api.w.org\/{rel}","templated":true}]}}