{"id":4695,"date":"2025-03-12T20:50:00","date_gmt":"2025-03-12T23:50:00","guid":{"rendered":"https:\/\/noticiasregionais.com.br\/?p=4695"},"modified":"2025-03-12T20:50:51","modified_gmt":"2025-03-12T23:50:51","slug":"projeto-promove-bem-estar-com-atividades-fisicas-e-atendimento-psicologico-na-faculdade-estacio-de-sa-de-ourinhos","status":"publish","type":"post","link":"https:\/\/noticiasregionais.com.br\/?p=4695","title":{"rendered":"Projeto promove bem-estar com atividades f\u00edsicas e atendimento psicol\u00f3gico na Est\u00e1cio de S\u00e1 de Ourinhos"},"content":{"rendered":"\n<p>A Faculdade Est\u00e1cio de S\u00e1 de Ourinhos, por meio do Grupo Multidisciplinar de Promo\u00e7\u00e3o da Sa\u00fade (GMAPS) em parceria com o Comit\u00ea de Pesquisa, Extens\u00e3o e Internacionaliza\u00e7\u00e3o (CPEI), Est\u00e1cio Ourinhos, est\u00e1 oferecendo \u00e0 comunidade um projeto inovador totalmente gratuito que alia a pr\u00e1tica de atividades f\u00edsicas supervisionadas por profissionais qualificados e atendimento psicol\u00f3gico especializado. A iniciativa visa promover a sa\u00fade integral dos participantes, proporcionando um ambiente adequado para a melhora do bem-estar f\u00edsico e mental.<\/p>\n\n\n\n<p>O programa de atividades f\u00edsicas conta com o acompanhamento de fisioterapeutas e profissionais de Educa\u00e7\u00e3o F\u00edsica credenciados. As sess\u00f5es incluem exerc\u00edcios adaptados \u00e0s necessidades individuais dos participantes, auxiliando na preven\u00e7\u00e3o de doen\u00e7as, reabilita\u00e7\u00e3o f\u00edsica e melhoria da qualidade de vida.<\/p>\n\n\n\n<p>Paralelamente, o Servi\u00e7o de Psicologia Aplicada (SPA) da institui\u00e7\u00e3o oferece atendimento psicol\u00f3gico. Os atendimentos s\u00e3o realizados por profissionais credenciados, que auxiliam os participantes no enfrentamento de quest\u00f5es emocionais, psicol\u00f3gicas e sociais, contribuindo para uma vida mais equilibrada e saud\u00e1vel.<\/p>\n\n\n\n<p>Segundo os coordenadores do projeto, a integra\u00e7\u00e3o entre atividade f\u00edsica e suporte psicol\u00f3gico \u00e9 essencial para a promo\u00e7\u00e3o da sa\u00fade como um todo. &#8220;Nosso objetivo \u00e9 oferecer um espa\u00e7o de acolhimento e desenvolvimento pessoal, onde os participantes possam cuidar do corpo e da mente com suporte profissional adequado&#8221;, explica um dos respons\u00e1veis pela iniciativa.<\/p>\n\n\n\n<p>Os interessados em participar do projeto podem procurar a Faculdade Est\u00e1cio de S\u00e1 de Ourinhos para obter mais informa\u00e7\u00f5es sobre inscri\u00e7\u00f5es e hor\u00e1rios das atividades. Com essa a\u00e7\u00e3o, a institui\u00e7\u00e3o reafirma seu compromisso com a sa\u00fade e o bem-estar da comunidade local.<\/p>\n\n\n\n<p>Telefone para contato: (14) 35121686<br>E-mail: gmapsfaeso@gmail.com<br>Instagram: gmaps.faeso<\/p>\n\n\n\n<figure class=\"wp-block-gallery has-nested-images columns-2 is-cropped wp-block-gallery-1 is-layout-flex wp-block-gallery-is-layout-flex\">\n<figure class=\"wp-block-image size-large\"><img decoding=\"async\" width=\"1024\" height=\"576\" data-id=\"4696\" src=\"https:\/\/noticiasregionais.com.br\/wp-content\/uploads\/2025\/03\/WhatsApp-Image-2025-03-11-at-14.46.10-1024x576.jpeg\" alt=\"\" class=\"wp-image-4696\" srcset=\"https:\/\/noticiasregionais.com.br\/wp-content\/uploads\/2025\/03\/WhatsApp-Image-2025-03-11-at-14.46.10-1024x576.jpeg 1024w, https:\/\/noticiasregionais.com.br\/wp-content\/uploads\/2025\/03\/WhatsApp-Image-2025-03-11-at-14.46.10-300x169.jpeg 300w, https:\/\/noticiasregionais.com.br\/wp-content\/uploads\/2025\/03\/WhatsApp-Image-2025-03-11-at-14.46.10-768x432.jpeg 768w, https:\/\/noticiasregionais.com.br\/wp-content\/uploads\/2025\/03\/WhatsApp-Image-2025-03-11-at-14.46.10.jpeg 1280w\" sizes=\"(max-width: 1024px) 100vw, 1024px\" \/><\/figure>\n\n\n\n<figure class=\"wp-block-image size-large\"><img decoding=\"async\" width=\"1024\" height=\"769\" data-id=\"4697\" src=\"https:\/\/noticiasregionais.com.br\/wp-content\/uploads\/2025\/03\/WhatsApp-Image-2025-03-11-at-14.46.11-1024x769.jpeg\" alt=\"\" class=\"wp-image-4697\" srcset=\"https:\/\/noticiasregionais.com.br\/wp-content\/uploads\/2025\/03\/WhatsApp-Image-2025-03-11-at-14.46.11-1024x769.jpeg 1024w, https:\/\/noticiasregionais.com.br\/wp-content\/uploads\/2025\/03\/WhatsApp-Image-2025-03-11-at-14.46.11-300x225.jpeg 300w, https:\/\/noticiasregionais.com.br\/wp-content\/uploads\/2025\/03\/WhatsApp-Image-2025-03-11-at-14.46.11-768x577.jpeg 768w, https:\/\/noticiasregionais.com.br\/wp-content\/uploads\/2025\/03\/WhatsApp-Image-2025-03-11-at-14.46.11-1536x1154.jpeg 1536w, https:\/\/noticiasregionais.com.br\/wp-content\/uploads\/2025\/03\/WhatsApp-Image-2025-03-11-at-14.46.11.jpeg 1600w\" sizes=\"(max-width: 1024px) 100vw, 1024px\" \/><\/figure>\n\n\n\n<figure class=\"wp-block-image size-large\"><img decoding=\"async\" width=\"768\" height=\"1024\" data-id=\"4698\" src=\"https:\/\/noticiasregionais.com.br\/wp-content\/uploads\/2025\/03\/WhatsApp-Image-2025-03-11-at-14.46.11-1-768x1024.jpeg\" alt=\"\" class=\"wp-image-4698\" srcset=\"https:\/\/noticiasregionais.com.br\/wp-content\/uploads\/2025\/03\/WhatsApp-Image-2025-03-11-at-14.46.11-1-768x1024.jpeg 768w, https:\/\/noticiasregionais.com.br\/wp-content\/uploads\/2025\/03\/WhatsApp-Image-2025-03-11-at-14.46.11-1-225x300.jpeg 225w, https:\/\/noticiasregionais.com.br\/wp-content\/uploads\/2025\/03\/WhatsApp-Image-2025-03-11-at-14.46.11-1-1152x1536.jpeg 1152w, https:\/\/noticiasregionais.com.br\/wp-content\/uploads\/2025\/03\/WhatsApp-Image-2025-03-11-at-14.46.11-1.jpeg 1200w\" sizes=\"(max-width: 768px) 100vw, 768px\" \/><\/figure>\n<\/figure>\n<input type=\"hidden\" id=\"baseurl\" value=\"https:\/\/noticiasregionais.com.br\"><input type=\"hidden\" id=\"audio_nonce\" value=\"533fbb67b1\">","protected":false},"excerpt":{"rendered":"<p>A Faculdade Est\u00e1cio de S\u00e1 de Ourinhos, por meio do Grupo Multidisciplinar de Promo\u00e7\u00e3o da Sa\u00fade (GMAPS) em parceria com&hellip;<\/p>\n","protected":false},"author":1,"featured_media":4699,"comment_status":"closed","ping_status":"open","sticky":false,"template":"","format":"standard","meta":{"sfsi_plus_gutenberg_text_before_share":"","sfsi_plus_gutenberg_show_text_before_share":"","sfsi_plus_gutenberg_icon_type":"","sfsi_plus_gutenberg_icon_alignemt":"","sfsi_plus_gutenburg_max_per_row":"","footnotes":""},"categories":[5,12,1],"tags":[16],"class_list":["post-4695","post","type-post","status-publish","format-standard","has-post-thumbnail","hentry","category-ourinhos","category-capa","category-noticias","tag-ourinhos"],"_links":{"self":[{"href":"https:\/\/noticiasregionais.com.br\/index.php?rest_route=\/wp\/v2\/posts\/4695","targetHints":{"allow":["GET"]}}],"collection":[{"href":"https:\/\/noticiasregionais.com.br\/index.php?rest_route=\/wp\/v2\/posts"}],"about":[{"href":"https:\/\/noticiasregionais.com.br\/index.php?rest_route=\/wp\/v2\/types\/post"}],"author":[{"embeddable":true,"href":"https:\/\/noticiasregionais.com.br\/index.php?rest_route=\/wp\/v2\/users\/1"}],"replies":[{"embeddable":true,"href":"https:\/\/noticiasregionais.com.br\/index.php?rest_route=%2Fwp%2Fv2%2Fcomments&post=4695"}],"version-history":[{"count":2,"href":"https:\/\/noticiasregionais.com.br\/index.php?rest_route=\/wp\/v2\/posts\/4695\/revisions"}],"predecessor-version":[{"id":4701,"href":"https:\/\/noticiasregionais.com.br\/index.php?rest_route=\/wp\/v2\/posts\/4695\/revisions\/4701"}],"wp:featuredmedia":[{"embeddable":true,"href":"https:\/\/noticiasregionais.com.br\/index.php?rest_route=\/wp\/v2\/media\/4699"}],"wp:attachment":[{"href":"https:\/\/noticiasregionais.com.br\/index.php?rest_route=%2Fwp%2Fv2%2Fmedia&parent=4695"}],"wp:term":[{"taxonomy":"category","embeddable":true,"href":"https:\/\/noticiasregionais.com.br\/index.php?rest_route=%2Fwp%2Fv2%2Fcategories&post=4695"},{"taxonomy":"post_tag","embeddable":true,"href":"https:\/\/noticiasregionais.com.br\/index.php?rest_route=%2Fwp%2Fv2%2Ftags&post=4695"}],"curies":[{"name":"wp","href":"https:\/\/api.w.org\/{rel}","templated":true}]}}