{"id":470,"date":"2023-09-19T13:55:55","date_gmt":"2023-09-19T16:55:55","guid":{"rendered":"https:\/\/noticiasregionais.com.br\/?p=470"},"modified":"2023-09-19T13:55:55","modified_gmt":"2023-09-19T16:55:55","slug":"policia-militar-e-civil-prendem-tres-suspeitos-de-trafico-de-drogas-em-ribeirao-do-pinhal","status":"publish","type":"post","link":"https:\/\/noticiasregionais.com.br\/?p=470","title":{"rendered":"Pol\u00edcia Militar e Civil prendem tr\u00eas suspeitos de tr\u00e1fico de drogas em Ribeir\u00e3o do Pinhal"},"content":{"rendered":"\n<p>Em uma a\u00e7\u00e3o conjunta entre a Pol\u00edcia Militar e a Pol\u00edcia Civil, tr\u00eas suspeitos de tr\u00e1fico de drogas foram presos na manh\u00e3 desta quinta-feira (18), em Ribeir\u00e3o do Pinhal.<\/p>\n\n\n\n<p>A a\u00e7\u00e3o ocorreu na Rua Travessa Ant\u00f4nio Sampaio, na Vila Domingues. Os policiais abordaram tr\u00eas suspeitos no quintal de uma resid\u00eancia. Pela janela da casa, os policiais j\u00e1 visualizaram quantidade significativa de drogas em cima de uma cama.<\/p>\n\n\n\n<p>Ainda dentro da resid\u00eancia apreenderam uma chave mixa e atr\u00e1s de um televisar localizaram folhas de papel contendo as anota\u00e7\u00f5es do tr\u00e1fico.<\/p>\n\n\n\n<p>Os tr\u00eas indiv\u00edduos foram identificados e detidos. Um deles era da cidade de Londrina e outro da cidade de Apucarana.<\/p>\n\n\n\n<p>Ap\u00f3s a pris\u00e3o, os suspeitos foram encaminhados \u00e0 delegacia de Pol\u00edcia Civil de Ribeir\u00e3o do Pinhal, onde foram autuados em flagrante por tr\u00e1fico de drogas, associa\u00e7\u00e3o ao tr\u00e1fico e corrup\u00e7\u00e3o de menores.<\/p>\n\n\n\n<p><strong>Apreens\u00f5es<\/strong><\/p>\n\n\n\n<p>Na a\u00e7\u00e3o foram apreendidos:<\/p>\n\n\n\n<ul class=\"wp-block-list\">\n<li>175 pedras de \u201ccrack\u201d<\/li>\n\n\n\n<li>74 pinos de coca\u00edna<\/li>\n\n\n\n<li>01 chave mixa<\/li>\n\n\n\n<li>01 aparelhos celular<\/li>\n\n\n\n<li>folha de caderno contendo anota\u00e7\u00f5es da contabilidade do tr\u00e1fico<\/li>\n<\/ul>\n\n\n\n<p><strong>Pol\u00edcia Militar continua atuando no combate ao narcotr\u00e1fico<\/strong><\/p>\n\n\n\n<p>A Pol\u00edcia Militar informa que continuar\u00e1 atuando no combate ao narcotr\u00e1fico em Ribeir\u00e3o do Pinhal e em todo o Paran\u00e1. A popula\u00e7\u00e3o pode contribuir com informa\u00e7\u00f5es repassando den\u00fancias \u00e0 Pol\u00edcia Militar pelo 190.<\/p>\n<input type=\"hidden\" id=\"baseurl\" value=\"https:\/\/noticiasregionais.com.br\"><input type=\"hidden\" id=\"audio_nonce\" value=\"533fbb67b1\">","protected":false},"excerpt":{"rendered":"<p>Em uma a\u00e7\u00e3o conjunta entre a Pol\u00edcia Militar e a Pol\u00edcia Civil, tr\u00eas suspeitos de tr\u00e1fico de drogas foram presos&hellip;<\/p>\n","protected":false},"author":1,"featured_media":471,"comment_status":"closed","ping_status":"open","sticky":false,"template":"","format":"standard","meta":{"sfsi_plus_gutenberg_text_before_share":"","sfsi_plus_gutenberg_show_text_before_share":"","sfsi_plus_gutenberg_icon_type":"","sfsi_plus_gutenberg_icon_alignemt":"","sfsi_plus_gutenburg_max_per_row":"","footnotes":""},"categories":[7,10,1],"tags":[],"class_list":["post-470","post","type-post","status-publish","format-standard","has-post-thumbnail","hentry","category-parana","category-destaques","category-noticias"],"_links":{"self":[{"href":"https:\/\/noticiasregionais.com.br\/index.php?rest_route=\/wp\/v2\/posts\/470","targetHints":{"allow":["GET"]}}],"collection":[{"href":"https:\/\/noticiasregionais.com.br\/index.php?rest_route=\/wp\/v2\/posts"}],"about":[{"href":"https:\/\/noticiasregionais.com.br\/index.php?rest_route=\/wp\/v2\/types\/post"}],"author":[{"embeddable":true,"href":"https:\/\/noticiasregionais.com.br\/index.php?rest_route=\/wp\/v2\/users\/1"}],"replies":[{"embeddable":true,"href":"https:\/\/noticiasregionais.com.br\/index.php?rest_route=%2Fwp%2Fv2%2Fcomments&post=470"}],"version-history":[{"count":1,"href":"https:\/\/noticiasregionais.com.br\/index.php?rest_route=\/wp\/v2\/posts\/470\/revisions"}],"predecessor-version":[{"id":472,"href":"https:\/\/noticiasregionais.com.br\/index.php?rest_route=\/wp\/v2\/posts\/470\/revisions\/472"}],"wp:featuredmedia":[{"embeddable":true,"href":"https:\/\/noticiasregionais.com.br\/index.php?rest_route=\/wp\/v2\/media\/471"}],"wp:attachment":[{"href":"https:\/\/noticiasregionais.com.br\/index.php?rest_route=%2Fwp%2Fv2%2Fmedia&parent=470"}],"wp:term":[{"taxonomy":"category","embeddable":true,"href":"https:\/\/noticiasregionais.com.br\/index.php?rest_route=%2Fwp%2Fv2%2Fcategories&post=470"},{"taxonomy":"post_tag","embeddable":true,"href":"https:\/\/noticiasregionais.com.br\/index.php?rest_route=%2Fwp%2Fv2%2Ftags&post=470"}],"curies":[{"name":"wp","href":"https:\/\/api.w.org\/{rel}","templated":true}]}}