{"id":4702,"date":"2025-03-12T21:49:33","date_gmt":"2025-03-13T00:49:33","guid":{"rendered":"https:\/\/noticiasregionais.com.br\/?p=4702"},"modified":"2025-03-12T21:49:36","modified_gmt":"2025-03-13T00:49:36","slug":"ourinhos-fortalece-dialogo-sobre-protecao-animal-em-reuniao-com-vice-prefeito","status":"publish","type":"post","link":"https:\/\/noticiasregionais.com.br\/?p=4702","title":{"rendered":"Ourinhos fortalece di\u00e1logo sobre prote\u00e7\u00e3o animal em reuni\u00e3o com vice-prefeito"},"content":{"rendered":"\n<p>Na tarde da \u00faltima ter\u00e7a-feira (11), a Prefeitura de Ourinhos sediou um encontro estrat\u00e9gico voltado ao bem-estar animal, reunindo representantes do Conselho Municipal de Bem-Estar Animal (COMBEA) e da Comiss\u00e3o de Defesa dos Direitos dos Animais da OAB Ourinhos. A reuni\u00e3o teve como objetivo discutir iniciativas e desafios na \u00e1rea da prote\u00e7\u00e3o animal.<\/p>\n\n\n\n<p>Entre os principais temas abordados, destacaram-se a amplia\u00e7\u00e3o dos programas de castra\u00e7\u00e3o, a estrutura\u00e7\u00e3o do aguardado ambulat\u00f3rio veterin\u00e1rio e o fortalecimento do apoio aos protetores e cuidadores independentes, que desempenham um papel essencial na cidade.<\/p>\n\n\n\n<p>O vice-prefeito Alexandre Zoio, acompanhado pelo procurador Andr\u00e9 Mello, pelo secret\u00e1rio Di\u00f3genes Leite e pelo diretor de Meio Ambiente, Rafael Ken, refor\u00e7ou o compromisso da gest\u00e3o municipal com a causa. A administra\u00e7\u00e3o demonstrou receptividade \u00e0s propostas apresentadas, reafirmando seu compromisso com pol\u00edticas p\u00fablicas inclusivas e voltadas ao bem-estar dos animais e da comunidade.<\/p>\n\n\n\n<p>O encontro refor\u00e7a o compromisso da Prefeitura de Ourinhos com o di\u00e1logo aberto e a constru\u00e7\u00e3o de solu\u00e7\u00f5es conjuntas para uma cidade mais consciente e respons\u00e1vel em rela\u00e7\u00e3o aos direitos dos animais.<\/p>\n<input type=\"hidden\" id=\"baseurl\" value=\"https:\/\/noticiasregionais.com.br\"><input type=\"hidden\" id=\"audio_nonce\" value=\"533fbb67b1\">","protected":false},"excerpt":{"rendered":"<p>Na tarde da \u00faltima ter\u00e7a-feira (11), a Prefeitura de Ourinhos sediou um encontro estrat\u00e9gico voltado ao bem-estar animal, reunindo representantes&hellip;<\/p>\n","protected":false},"author":1,"featured_media":4703,"comment_status":"closed","ping_status":"open","sticky":false,"template":"","format":"standard","meta":{"sfsi_plus_gutenberg_text_before_share":"","sfsi_plus_gutenberg_show_text_before_share":"","sfsi_plus_gutenberg_icon_type":"","sfsi_plus_gutenberg_icon_alignemt":"","sfsi_plus_gutenburg_max_per_row":"","footnotes":""},"categories":[5,10,1],"tags":[16],"class_list":["post-4702","post","type-post","status-publish","format-standard","has-post-thumbnail","hentry","category-ourinhos","category-destaques","category-noticias","tag-ourinhos"],"_links":{"self":[{"href":"https:\/\/noticiasregionais.com.br\/index.php?rest_route=\/wp\/v2\/posts\/4702","targetHints":{"allow":["GET"]}}],"collection":[{"href":"https:\/\/noticiasregionais.com.br\/index.php?rest_route=\/wp\/v2\/posts"}],"about":[{"href":"https:\/\/noticiasregionais.com.br\/index.php?rest_route=\/wp\/v2\/types\/post"}],"author":[{"embeddable":true,"href":"https:\/\/noticiasregionais.com.br\/index.php?rest_route=\/wp\/v2\/users\/1"}],"replies":[{"embeddable":true,"href":"https:\/\/noticiasregionais.com.br\/index.php?rest_route=%2Fwp%2Fv2%2Fcomments&post=4702"}],"version-history":[{"count":1,"href":"https:\/\/noticiasregionais.com.br\/index.php?rest_route=\/wp\/v2\/posts\/4702\/revisions"}],"predecessor-version":[{"id":4704,"href":"https:\/\/noticiasregionais.com.br\/index.php?rest_route=\/wp\/v2\/posts\/4702\/revisions\/4704"}],"wp:featuredmedia":[{"embeddable":true,"href":"https:\/\/noticiasregionais.com.br\/index.php?rest_route=\/wp\/v2\/media\/4703"}],"wp:attachment":[{"href":"https:\/\/noticiasregionais.com.br\/index.php?rest_route=%2Fwp%2Fv2%2Fmedia&parent=4702"}],"wp:term":[{"taxonomy":"category","embeddable":true,"href":"https:\/\/noticiasregionais.com.br\/index.php?rest_route=%2Fwp%2Fv2%2Fcategories&post=4702"},{"taxonomy":"post_tag","embeddable":true,"href":"https:\/\/noticiasregionais.com.br\/index.php?rest_route=%2Fwp%2Fv2%2Ftags&post=4702"}],"curies":[{"name":"wp","href":"https:\/\/api.w.org\/{rel}","templated":true}]}}