{"id":4705,"date":"2025-03-12T21:54:22","date_gmt":"2025-03-13T00:54:22","guid":{"rendered":"https:\/\/noticiasregionais.com.br\/?p=4705"},"modified":"2025-03-12T21:54:34","modified_gmt":"2025-03-13T00:54:34","slug":"equipe-k9-do-13o-baep-apoia-prisao-de-casal-por-trafico-de-drogas-em-santa-cruz-do-rio-pardo","status":"publish","type":"post","link":"https:\/\/noticiasregionais.com.br\/?p=4705","title":{"rendered":"Equipe K9 do 13\u00ba BAEP apoia pris\u00e3o de casal por tr\u00e1fico de drogas em Santa Cruz do Rio Pardo"},"content":{"rendered":"\n<p>Na manh\u00e3 desta ter\u00e7a-feira (11), uma opera\u00e7\u00e3o conjunta entre a Pol\u00edcia Militar e a Pol\u00edcia Civil resultou na pris\u00e3o de um homem de 38 anos e uma mulher de 33 anos por tr\u00e1fico de drogas e associa\u00e7\u00e3o para o tr\u00e1fico, no Jardim Eleodoro, em Santa Cruz do Rio Pardo\/SP.<\/p>\n\n\n\n<p>A a\u00e7\u00e3o foi realizada durante o cumprimento de um Mandado de Busca e Apreens\u00e3o, contando com o apoio da Equipe K9 do 13\u00ba Batalh\u00e3o de A\u00e7\u00f5es Especiais de Pol\u00edcia (BAEP) e das equipes de R\u00e1dio Patrulhamento da 2\u00aa Companhia do 31\u00ba BPM\/I. Durante a vistoria no local, o c\u00e3o farejador foi essencial para localizar 0,007 kg de coca\u00edna.<\/p>\n\n\n\n<p>Os suspeitos foram conduzidos \u00e0 Central de Pol\u00edcia Judici\u00e1ria (CPJ) de Santa Cruz do Rio Pardo, onde a ocorr\u00eancia foi registrada. Ambos permanecem presos e \u00e0 disposi\u00e7\u00e3o da Justi\u00e7a.<\/p>\n\n\n\n<p>A a\u00e7\u00e3o refor\u00e7a o compromisso das for\u00e7as de seguran\u00e7a na repress\u00e3o ao tr\u00e1fico de drogas e no combate \u00e0 criminalidade na regi\u00e3o.<\/p>\n<input type=\"hidden\" id=\"baseurl\" value=\"https:\/\/noticiasregionais.com.br\"><input type=\"hidden\" id=\"audio_nonce\" value=\"533fbb67b1\">","protected":false},"excerpt":{"rendered":"<p>Na manh\u00e3 desta ter\u00e7a-feira (11), uma opera\u00e7\u00e3o conjunta entre a Pol\u00edcia Militar e a Pol\u00edcia Civil resultou na pris\u00e3o de&hellip;<\/p>\n","protected":false},"author":1,"featured_media":4706,"comment_status":"closed","ping_status":"open","sticky":false,"template":"","format":"standard","meta":{"sfsi_plus_gutenberg_text_before_share":"","sfsi_plus_gutenberg_show_text_before_share":"","sfsi_plus_gutenberg_icon_type":"","sfsi_plus_gutenberg_icon_alignemt":"","sfsi_plus_gutenburg_max_per_row":"","footnotes":""},"categories":[6,10,1],"tags":[17],"class_list":["post-4705","post","type-post","status-publish","format-standard","has-post-thumbnail","hentry","category-sao_paulo","category-destaques","category-noticias","tag-santa_cruz"],"_links":{"self":[{"href":"https:\/\/noticiasregionais.com.br\/index.php?rest_route=\/wp\/v2\/posts\/4705","targetHints":{"allow":["GET"]}}],"collection":[{"href":"https:\/\/noticiasregionais.com.br\/index.php?rest_route=\/wp\/v2\/posts"}],"about":[{"href":"https:\/\/noticiasregionais.com.br\/index.php?rest_route=\/wp\/v2\/types\/post"}],"author":[{"embeddable":true,"href":"https:\/\/noticiasregionais.com.br\/index.php?rest_route=\/wp\/v2\/users\/1"}],"replies":[{"embeddable":true,"href":"https:\/\/noticiasregionais.com.br\/index.php?rest_route=%2Fwp%2Fv2%2Fcomments&post=4705"}],"version-history":[{"count":1,"href":"https:\/\/noticiasregionais.com.br\/index.php?rest_route=\/wp\/v2\/posts\/4705\/revisions"}],"predecessor-version":[{"id":4707,"href":"https:\/\/noticiasregionais.com.br\/index.php?rest_route=\/wp\/v2\/posts\/4705\/revisions\/4707"}],"wp:featuredmedia":[{"embeddable":true,"href":"https:\/\/noticiasregionais.com.br\/index.php?rest_route=\/wp\/v2\/media\/4706"}],"wp:attachment":[{"href":"https:\/\/noticiasregionais.com.br\/index.php?rest_route=%2Fwp%2Fv2%2Fmedia&parent=4705"}],"wp:term":[{"taxonomy":"category","embeddable":true,"href":"https:\/\/noticiasregionais.com.br\/index.php?rest_route=%2Fwp%2Fv2%2Fcategories&post=4705"},{"taxonomy":"post_tag","embeddable":true,"href":"https:\/\/noticiasregionais.com.br\/index.php?rest_route=%2Fwp%2Fv2%2Ftags&post=4705"}],"curies":[{"name":"wp","href":"https:\/\/api.w.org\/{rel}","templated":true}]}}