{"id":4708,"date":"2025-03-12T21:59:43","date_gmt":"2025-03-13T00:59:43","guid":{"rendered":"https:\/\/noticiasregionais.com.br\/?p=4708"},"modified":"2025-03-12T21:59:45","modified_gmt":"2025-03-13T00:59:45","slug":"prf-recupera-veiculo-furtado-em-marilia-escondido-em-matagal","status":"publish","type":"post","link":"https:\/\/noticiasregionais.com.br\/?p=4708","title":{"rendered":"PRF recupera ve\u00edculo furtado em Mar\u00edlia escondido em matagal"},"content":{"rendered":"\n<p>A Pol\u00edcia Rodovi\u00e1ria Federal (PRF) recuperou, na manh\u00e3 desta ter\u00e7a-feira (11), um ve\u00edculo VW Parati furtado no bairro J\u00f3quei Clube, em Mar\u00edlia, na segunda-feira (10). O autom\u00f3vel foi encontrado abandonado em um matagal no bairro Nova Mar\u00edlia, nas proximidades do SEST\/SENAT e da unidade operacional da PRF na cidade.<\/p>\n\n\n\n<p>O ve\u00edculo estava sem as rodas e a bateria, o que tornou necess\u00e1ria a utiliza\u00e7\u00e3o de um guincho para sua remo\u00e7\u00e3o. A localiza\u00e7\u00e3o foi informada por populares, permitindo que a PRF agisse rapidamente para recuperar o carro. O propriet\u00e1rio, que n\u00e3o possu\u00eda seguro, recebeu a not\u00edcia com al\u00edvio, j\u00e1 que o furto havia ocorrido h\u00e1 apenas 24 horas.<\/p>\n\n\n\n<p>A PRF refor\u00e7a a import\u00e2ncia da participa\u00e7\u00e3o da comunidade e lembra que den\u00fancias sobre crimes, acidentes e situa\u00e7\u00f5es de risco nas rodovias podem ser feitas pelo telefone de emerg\u00eancia 191.<\/p>\n<input type=\"hidden\" id=\"baseurl\" value=\"https:\/\/noticiasregionais.com.br\"><input type=\"hidden\" id=\"audio_nonce\" value=\"533fbb67b1\">","protected":false},"excerpt":{"rendered":"<p>A Pol\u00edcia Rodovi\u00e1ria Federal (PRF) recuperou, na manh\u00e3 desta ter\u00e7a-feira (11), um ve\u00edculo VW Parati furtado no bairro J\u00f3quei Clube,&hellip;<\/p>\n","protected":false},"author":1,"featured_media":4709,"comment_status":"closed","ping_status":"open","sticky":false,"template":"","format":"standard","meta":{"sfsi_plus_gutenberg_text_before_share":"","sfsi_plus_gutenberg_show_text_before_share":"","sfsi_plus_gutenberg_icon_type":"","sfsi_plus_gutenberg_icon_alignemt":"","sfsi_plus_gutenburg_max_per_row":"","footnotes":""},"categories":[6,10,1],"tags":[25],"class_list":["post-4708","post","type-post","status-publish","format-standard","has-post-thumbnail","hentry","category-sao_paulo","category-destaques","category-noticias","tag-marilia"],"_links":{"self":[{"href":"https:\/\/noticiasregionais.com.br\/index.php?rest_route=\/wp\/v2\/posts\/4708","targetHints":{"allow":["GET"]}}],"collection":[{"href":"https:\/\/noticiasregionais.com.br\/index.php?rest_route=\/wp\/v2\/posts"}],"about":[{"href":"https:\/\/noticiasregionais.com.br\/index.php?rest_route=\/wp\/v2\/types\/post"}],"author":[{"embeddable":true,"href":"https:\/\/noticiasregionais.com.br\/index.php?rest_route=\/wp\/v2\/users\/1"}],"replies":[{"embeddable":true,"href":"https:\/\/noticiasregionais.com.br\/index.php?rest_route=%2Fwp%2Fv2%2Fcomments&post=4708"}],"version-history":[{"count":1,"href":"https:\/\/noticiasregionais.com.br\/index.php?rest_route=\/wp\/v2\/posts\/4708\/revisions"}],"predecessor-version":[{"id":4710,"href":"https:\/\/noticiasregionais.com.br\/index.php?rest_route=\/wp\/v2\/posts\/4708\/revisions\/4710"}],"wp:featuredmedia":[{"embeddable":true,"href":"https:\/\/noticiasregionais.com.br\/index.php?rest_route=\/wp\/v2\/media\/4709"}],"wp:attachment":[{"href":"https:\/\/noticiasregionais.com.br\/index.php?rest_route=%2Fwp%2Fv2%2Fmedia&parent=4708"}],"wp:term":[{"taxonomy":"category","embeddable":true,"href":"https:\/\/noticiasregionais.com.br\/index.php?rest_route=%2Fwp%2Fv2%2Fcategories&post=4708"},{"taxonomy":"post_tag","embeddable":true,"href":"https:\/\/noticiasregionais.com.br\/index.php?rest_route=%2Fwp%2Fv2%2Ftags&post=4708"}],"curies":[{"name":"wp","href":"https:\/\/api.w.org\/{rel}","templated":true}]}}