{"id":4711,"date":"2025-03-12T22:09:31","date_gmt":"2025-03-13T01:09:31","guid":{"rendered":"https:\/\/noticiasregionais.com.br\/?p=4711"},"modified":"2025-03-12T22:09:33","modified_gmt":"2025-03-13T01:09:33","slug":"policia-militar-prende-homem-por-trafico-de-drogas-em-cambara","status":"publish","type":"post","link":"https:\/\/noticiasregionais.com.br\/?p=4711","title":{"rendered":"Pol\u00edcia Militar prende homem por tr\u00e1fico de drogas em Cambar\u00e1"},"content":{"rendered":"\n<p>Na tarde desta ter\u00e7a-feira (11), a Pol\u00edcia Militar prendeu um homem por tr\u00e1fico de drogas no bairro Rotary, em Cambar\u00e1\/PR. Durante patrulhamento pela Rua da Amizade, a equipe policial avistou um indiv\u00edduo em atitude suspeita, que demonstrou nervosismo ao notar a presen\u00e7a da viatura.<\/p>\n\n\n\n<p>Ao ser abordado, os agentes encontraram quatro por\u00e7\u00f5es de maconha embaladas em pl\u00e1stico no bolso do suspeito. Com base em den\u00fancias anteriores, os policiais estenderam as buscas at\u00e9 a resid\u00eancia do indiv\u00edduo, onde localizaram mais doze por\u00e7\u00f5es da mesma droga, totalizando 280 gramas, al\u00e9m de uma balan\u00e7a de precis\u00e3o. O homem admitiu a posse dos entorpecentes.<\/p>\n\n\n\n<p>O suspeito j\u00e1 era monitorado por tornozeleira eletr\u00f4nica e foi preso em flagrante. Ele foi encaminhado \u00e0 Delegacia de Pol\u00edcia Civil para os procedimentos legais.<\/p>\n\n\n\n<p>A Pol\u00edcia Militar segue intensificando o combate ao tr\u00e1fico de drogas na regi\u00e3o, refor\u00e7ando a\u00e7\u00f5es de patrulhamento e fiscaliza\u00e7\u00e3o.<\/p>\n<input type=\"hidden\" id=\"baseurl\" value=\"https:\/\/noticiasregionais.com.br\"><input type=\"hidden\" id=\"audio_nonce\" value=\"533fbb67b1\">","protected":false},"excerpt":{"rendered":"<p>Na tarde desta ter\u00e7a-feira (11), a Pol\u00edcia Militar prendeu um homem por tr\u00e1fico de drogas no bairro Rotary, em Cambar\u00e1\/PR.&hellip;<\/p>\n","protected":false},"author":1,"featured_media":4712,"comment_status":"closed","ping_status":"open","sticky":false,"template":"","format":"standard","meta":{"sfsi_plus_gutenberg_text_before_share":"","sfsi_plus_gutenberg_show_text_before_share":"","sfsi_plus_gutenberg_icon_type":"","sfsi_plus_gutenberg_icon_alignemt":"","sfsi_plus_gutenburg_max_per_row":"","footnotes":""},"categories":[7,10,1],"tags":[14],"class_list":["post-4711","post","type-post","status-publish","format-standard","has-post-thumbnail","hentry","category-parana","category-destaques","category-noticias","tag-cambara"],"_links":{"self":[{"href":"https:\/\/noticiasregionais.com.br\/index.php?rest_route=\/wp\/v2\/posts\/4711","targetHints":{"allow":["GET"]}}],"collection":[{"href":"https:\/\/noticiasregionais.com.br\/index.php?rest_route=\/wp\/v2\/posts"}],"about":[{"href":"https:\/\/noticiasregionais.com.br\/index.php?rest_route=\/wp\/v2\/types\/post"}],"author":[{"embeddable":true,"href":"https:\/\/noticiasregionais.com.br\/index.php?rest_route=\/wp\/v2\/users\/1"}],"replies":[{"embeddable":true,"href":"https:\/\/noticiasregionais.com.br\/index.php?rest_route=%2Fwp%2Fv2%2Fcomments&post=4711"}],"version-history":[{"count":1,"href":"https:\/\/noticiasregionais.com.br\/index.php?rest_route=\/wp\/v2\/posts\/4711\/revisions"}],"predecessor-version":[{"id":4713,"href":"https:\/\/noticiasregionais.com.br\/index.php?rest_route=\/wp\/v2\/posts\/4711\/revisions\/4713"}],"wp:featuredmedia":[{"embeddable":true,"href":"https:\/\/noticiasregionais.com.br\/index.php?rest_route=\/wp\/v2\/media\/4712"}],"wp:attachment":[{"href":"https:\/\/noticiasregionais.com.br\/index.php?rest_route=%2Fwp%2Fv2%2Fmedia&parent=4711"}],"wp:term":[{"taxonomy":"category","embeddable":true,"href":"https:\/\/noticiasregionais.com.br\/index.php?rest_route=%2Fwp%2Fv2%2Fcategories&post=4711"},{"taxonomy":"post_tag","embeddable":true,"href":"https:\/\/noticiasregionais.com.br\/index.php?rest_route=%2Fwp%2Fv2%2Ftags&post=4711"}],"curies":[{"name":"wp","href":"https:\/\/api.w.org\/{rel}","templated":true}]}}