{"id":4716,"date":"2025-03-13T21:28:10","date_gmt":"2025-03-14T00:28:10","guid":{"rendered":"https:\/\/noticiasregionais.com.br\/?p=4716"},"modified":"2025-03-13T21:31:59","modified_gmt":"2025-03-14T00:31:59","slug":"ourinhos-assume-oficialmente-gestao-do-csu-e-planeja-revitalizacao-do-espaco-que-foi-abandonado","status":"publish","type":"post","link":"https:\/\/noticiasregionais.com.br\/?p=4716","title":{"rendered":"Ourinhos assume oficialmente gest\u00e3o do CSU e planeja revitaliza\u00e7\u00e3o do espa\u00e7o que foi abandonado"},"content":{"rendered":"\n<h4 class=\"wp-block-heading has-text-align-center\"><strong>A \u00faltima gest\u00e3o, sob comando de Lucas Pocay, abandonou o Centro Social Urbano de Ourinhos durante 8 anos com o pretexto de n\u00e3o ter autoriza\u00e7\u00e3o formal do estado para utiliza-lo<\/strong><\/h4>\n\n\n\n<p>A Prefeitura de Ourinhos garantiu a posse do Centro Social Urbano (CSU) pelo per\u00edodo de 30 anos, ap\u00f3s a oficializa\u00e7\u00e3o do uso gratuito do espa\u00e7o pelo Governo do Estado de S\u00e3o Paulo, conforme decreto 69.416\/2025. O CSU, localizado na Rua Eduardo Peres, ocupa uma \u00e1rea de mais de 56 mil metros quadrados e estava abandonado h\u00e1 quase uma d\u00e9cada.<\/p>\n\n\n\n<p>A conquista marca um momento hist\u00f3rico para a cidade, resultado da mobiliza\u00e7\u00e3o da atual gest\u00e3o municipal. No m\u00eas passado, o prefeito Guilherme Gon\u00e7alves esteve no Pal\u00e1cio dos Bandeirantes para cobrar a libera\u00e7\u00e3o do espa\u00e7o, obtendo sucesso junto ao governador.<\/p>\n\n\n\n<p>A r\u00e1pida autoriza\u00e7\u00e3o refor\u00e7a o compromisso da administra\u00e7\u00e3o com a recupera\u00e7\u00e3o de \u00e1reas p\u00fablicas e o bem-estar da popula\u00e7\u00e3o. Com a posse garantida, a Prefeitura planeja um processo de revitaliza\u00e7\u00e3o que transformar\u00e1 o CSU em um novo espa\u00e7o de lazer e esportes, gratuito e acess\u00edvel para toda a comunidade.<\/p>\n<input type=\"hidden\" id=\"baseurl\" value=\"https:\/\/noticiasregionais.com.br\"><input type=\"hidden\" id=\"audio_nonce\" value=\"533fbb67b1\">","protected":false},"excerpt":{"rendered":"<p>A \u00faltima gest\u00e3o, sob comando de Lucas Pocay, abandonou o Centro Social Urbano de Ourinhos durante 8 anos com o&hellip;<\/p>\n","protected":false},"author":1,"featured_media":4717,"comment_status":"closed","ping_status":"open","sticky":false,"template":"","format":"standard","meta":{"sfsi_plus_gutenberg_text_before_share":"","sfsi_plus_gutenberg_show_text_before_share":"","sfsi_plus_gutenberg_icon_type":"","sfsi_plus_gutenberg_icon_alignemt":"","sfsi_plus_gutenburg_max_per_row":"","footnotes":""},"categories":[5,12,1],"tags":[16],"class_list":["post-4716","post","type-post","status-publish","format-standard","has-post-thumbnail","hentry","category-ourinhos","category-capa","category-noticias","tag-ourinhos"],"_links":{"self":[{"href":"https:\/\/noticiasregionais.com.br\/index.php?rest_route=\/wp\/v2\/posts\/4716","targetHints":{"allow":["GET"]}}],"collection":[{"href":"https:\/\/noticiasregionais.com.br\/index.php?rest_route=\/wp\/v2\/posts"}],"about":[{"href":"https:\/\/noticiasregionais.com.br\/index.php?rest_route=\/wp\/v2\/types\/post"}],"author":[{"embeddable":true,"href":"https:\/\/noticiasregionais.com.br\/index.php?rest_route=\/wp\/v2\/users\/1"}],"replies":[{"embeddable":true,"href":"https:\/\/noticiasregionais.com.br\/index.php?rest_route=%2Fwp%2Fv2%2Fcomments&post=4716"}],"version-history":[{"count":1,"href":"https:\/\/noticiasregionais.com.br\/index.php?rest_route=\/wp\/v2\/posts\/4716\/revisions"}],"predecessor-version":[{"id":4718,"href":"https:\/\/noticiasregionais.com.br\/index.php?rest_route=\/wp\/v2\/posts\/4716\/revisions\/4718"}],"wp:featuredmedia":[{"embeddable":true,"href":"https:\/\/noticiasregionais.com.br\/index.php?rest_route=\/wp\/v2\/media\/4717"}],"wp:attachment":[{"href":"https:\/\/noticiasregionais.com.br\/index.php?rest_route=%2Fwp%2Fv2%2Fmedia&parent=4716"}],"wp:term":[{"taxonomy":"category","embeddable":true,"href":"https:\/\/noticiasregionais.com.br\/index.php?rest_route=%2Fwp%2Fv2%2Fcategories&post=4716"},{"taxonomy":"post_tag","embeddable":true,"href":"https:\/\/noticiasregionais.com.br\/index.php?rest_route=%2Fwp%2Fv2%2Ftags&post=4716"}],"curies":[{"name":"wp","href":"https:\/\/api.w.org\/{rel}","templated":true}]}}