{"id":4719,"date":"2025-03-13T21:56:56","date_gmt":"2025-03-14T00:56:56","guid":{"rendered":"https:\/\/noticiasregionais.com.br\/?p=4719"},"modified":"2025-03-13T22:00:32","modified_gmt":"2025-03-14T01:00:32","slug":"canil-do-baep-prende-traficante-procurado-em-fiscalizacao-na-rodoviaria-em-ourinhos","status":"publish","type":"post","link":"https:\/\/noticiasregionais.com.br\/?p=4719","title":{"rendered":"Canil do BAEP prende traficante procurado em fiscaliza\u00e7\u00e3o na rodovi\u00e1ria em Ourinhos"},"content":{"rendered":"\n<p>Na manh\u00e3 desta quinta-feira (13), uma opera\u00e7\u00e3o da Equipe K9 do 13\u00ba Batalh\u00e3o de A\u00e7\u00f5es Especiais de Pol\u00edcia (BAEP) resultou na pris\u00e3o de um homem por tr\u00e1fico de drogas e cumprimento de mandados de pris\u00e3o. A a\u00e7\u00e3o ocorreu durante uma fiscaliza\u00e7\u00e3o de rotina em um \u00f4nibus no terminal rodovi\u00e1rio de Ourinhos, com o objetivo de coibir crimes como o transporte de entorpecentes e armas.<\/p>\n\n\n\n<p>Durante a inspe\u00e7\u00e3o em um \u00f4nibus que fazia a linha Ponta Por\u00e3\/MS \u2013 S\u00e3o Paulo\/SP, os policiais notaram que um passageiro agia de forma suspeita, tentando se desfazer de sacolas pl\u00e1sticas no bagageiro interno. Com o aux\u00edlio da cadela farejadora Zara, foi identificado odor de subst\u00e2ncia il\u00edcita, levando \u00e0 verifica\u00e7\u00e3o da mochila do suspeito.<\/p>\n\n\n\n<p>Na bagagem, os agentes encontraram 20 por\u00e7\u00f5es de haxixe escondidas em um tubo de shampoo e duas sacolas pl\u00e1sticas com a mesma droga, totalizando 575 gramas do entorpecente. O homem admitiu que receberia R$ 1.000,00 para transportar a subst\u00e2ncia at\u00e9 Campinas\/SP.<\/p>\n\n\n\n<p>Al\u00e9m do flagrante de tr\u00e1fico de drogas, a pol\u00edcia constatou que havia dois mandados de pris\u00e3o em aberto contra ele por crimes de roubo e falsifica\u00e7\u00e3o de documentos. O suspeito foi encaminhado \u00e0 Central de Pol\u00edcia Judici\u00e1ria de Ourinhos, onde permaneceu \u00e0 disposi\u00e7\u00e3o da Justi\u00e7a.<\/p>\n\n\n<div class=\"wp-block-image\">\n<figure class=\"aligncenter size-full\"><img decoding=\"async\" width=\"959\" height=\"768\" src=\"https:\/\/noticiasregionais.com.br\/wp-content\/uploads\/2025\/03\/WhatsApp-Image-2025-03-13-at-16.27.15.jpeg\" alt=\"\" class=\"wp-image-4720\" srcset=\"https:\/\/noticiasregionais.com.br\/wp-content\/uploads\/2025\/03\/WhatsApp-Image-2025-03-13-at-16.27.15.jpeg 959w, https:\/\/noticiasregionais.com.br\/wp-content\/uploads\/2025\/03\/WhatsApp-Image-2025-03-13-at-16.27.15-300x240.jpeg 300w, https:\/\/noticiasregionais.com.br\/wp-content\/uploads\/2025\/03\/WhatsApp-Image-2025-03-13-at-16.27.15-768x615.jpeg 768w\" sizes=\"(max-width: 959px) 100vw, 959px\" \/><\/figure>\n<\/div><input type=\"hidden\" id=\"baseurl\" value=\"https:\/\/noticiasregionais.com.br\"><input type=\"hidden\" id=\"audio_nonce\" value=\"533fbb67b1\">","protected":false},"excerpt":{"rendered":"<p>Na manh\u00e3 desta quinta-feira (13), uma opera\u00e7\u00e3o da Equipe K9 do 13\u00ba Batalh\u00e3o de A\u00e7\u00f5es Especiais de Pol\u00edcia (BAEP) resultou&hellip;<\/p>\n","protected":false},"author":1,"featured_media":4722,"comment_status":"closed","ping_status":"open","sticky":false,"template":"","format":"standard","meta":{"sfsi_plus_gutenberg_text_before_share":"","sfsi_plus_gutenberg_show_text_before_share":"","sfsi_plus_gutenberg_icon_type":"","sfsi_plus_gutenberg_icon_alignemt":"","sfsi_plus_gutenburg_max_per_row":"","footnotes":""},"categories":[5,10,1],"tags":[16],"class_list":["post-4719","post","type-post","status-publish","format-standard","has-post-thumbnail","hentry","category-ourinhos","category-destaques","category-noticias","tag-ourinhos"],"_links":{"self":[{"href":"https:\/\/noticiasregionais.com.br\/index.php?rest_route=\/wp\/v2\/posts\/4719","targetHints":{"allow":["GET"]}}],"collection":[{"href":"https:\/\/noticiasregionais.com.br\/index.php?rest_route=\/wp\/v2\/posts"}],"about":[{"href":"https:\/\/noticiasregionais.com.br\/index.php?rest_route=\/wp\/v2\/types\/post"}],"author":[{"embeddable":true,"href":"https:\/\/noticiasregionais.com.br\/index.php?rest_route=\/wp\/v2\/users\/1"}],"replies":[{"embeddable":true,"href":"https:\/\/noticiasregionais.com.br\/index.php?rest_route=%2Fwp%2Fv2%2Fcomments&post=4719"}],"version-history":[{"count":2,"href":"https:\/\/noticiasregionais.com.br\/index.php?rest_route=\/wp\/v2\/posts\/4719\/revisions"}],"predecessor-version":[{"id":4723,"href":"https:\/\/noticiasregionais.com.br\/index.php?rest_route=\/wp\/v2\/posts\/4719\/revisions\/4723"}],"wp:featuredmedia":[{"embeddable":true,"href":"https:\/\/noticiasregionais.com.br\/index.php?rest_route=\/wp\/v2\/media\/4722"}],"wp:attachment":[{"href":"https:\/\/noticiasregionais.com.br\/index.php?rest_route=%2Fwp%2Fv2%2Fmedia&parent=4719"}],"wp:term":[{"taxonomy":"category","embeddable":true,"href":"https:\/\/noticiasregionais.com.br\/index.php?rest_route=%2Fwp%2Fv2%2Fcategories&post=4719"},{"taxonomy":"post_tag","embeddable":true,"href":"https:\/\/noticiasregionais.com.br\/index.php?rest_route=%2Fwp%2Fv2%2Ftags&post=4719"}],"curies":[{"name":"wp","href":"https:\/\/api.w.org\/{rel}","templated":true}]}}