{"id":4724,"date":"2025-03-13T22:04:40","date_gmt":"2025-03-14T01:04:40","guid":{"rendered":"https:\/\/noticiasregionais.com.br\/?p=4724"},"modified":"2025-03-13T22:04:52","modified_gmt":"2025-03-14T01:04:52","slug":"prevencao-e-fundamental-dr-luiz-roberto-alerta-sobre-doencas-renais-no-dia-mundial-do-rim","status":"publish","type":"post","link":"https:\/\/noticiasregionais.com.br\/?p=4724","title":{"rendered":"Preven\u00e7\u00e3o \u00e9 Fundamental: Dr. Luiz Roberto alerta sobre doen\u00e7as renais no &#8220;Dia Mundial do Rim&#8221;"},"content":{"rendered":"\n<p>Nesta quinta-feira (13), \u00e9 celebrado o <strong>Dia Mundial do Rim<\/strong>, uma data dedicada \u00e0 conscientiza\u00e7\u00e3o sobre a preven\u00e7\u00e3o e o tratamento das doen\u00e7as renais. O <strong>Servi\u00e7o de Terapia Renal da Santa Casa de Ourinhos<\/strong>, sob a coordena\u00e7\u00e3o do nefrologista <strong>Dr. Luiz Roberto Migliari de Carvalho<\/strong>, refor\u00e7a a import\u00e2ncia de cuidados preventivos para evitar complica\u00e7\u00f5es graves, como a insufici\u00eancia renal cr\u00f4nica.<\/p>\n\n\n\n<p>Segundo o especialista, <strong>diabetes mellitus e hipertens\u00e3o arterial<\/strong> s\u00e3o as principais causas da perda da fun\u00e7\u00e3o renal, representando <strong>80% dos casos de pacientes que necessitam de hemodi\u00e1lise ou transplante<\/strong>. Para detectar problemas precocemente, ele recomenda exames simples, como <strong>creatinina no sangue, exame de urina e ultrassom dos rins<\/strong>.<\/p>\n\n\n\n<p>A <strong>alimenta\u00e7\u00e3o equilibrada<\/strong> tamb\u00e9m desempenha um papel essencial na preven\u00e7\u00e3o. &#8220;O consumo excessivo de sal pode levar \u00e0 hipertens\u00e3o e c\u00e1lculos renais, enquanto o alto n\u00edvel de a\u00e7\u00facar afeta os rins dos diab\u00e9ticos. Al\u00e9m disso, o colesterol elevado compromete a fun\u00e7\u00e3o renal ao longo do tempo&#8221;, alerta o Dr. Luiz Roberto.<\/p>\n\n\n\n<p>As doen\u00e7as renais podem afetar qualquer faixa et\u00e1ria, mas a incid\u00eancia aumenta com a idade. \u201cSete em cada dez pacientes que iniciam hemodi\u00e1lise t\u00eam mais de 65 anos, o que demonstra a necessidade de acompanhamento m\u00e9dico desde cedo\u201d, explica o nefrologista.<\/p>\n\n\n\n<h3 class=\"wp-block-heading\"><strong>Refer\u00eancia Regional em Hemodi\u00e1lise<\/strong><\/h3>\n\n\n\n<p>O <strong>Servi\u00e7o de Hemodi\u00e1lise da Santa Casa de Ourinhos<\/strong>, que completa <strong>50 anos em 2025<\/strong>, \u00e9 refer\u00eancia na regi\u00e3o e conta com uma equipe especializada para garantir atendimento de qualidade. Com a recente aquisi\u00e7\u00e3o de <strong>10 novas m\u00e1quinas de hemodi\u00e1lise<\/strong>, o hospital refor\u00e7a seu compromisso com a seguran\u00e7a e efici\u00eancia no tratamento dos pacientes.<\/p>\n\n\n\n<p>\u201cNosso objetivo \u00e9 continuar evoluindo e ampliando o atendimento para beneficiar ainda mais pessoas\u201d, conclui o Dr. Luiz Roberto.<\/p>\n\n\n\n<figure class=\"wp-block-gallery has-nested-images columns-default is-cropped wp-block-gallery-1 is-layout-flex wp-block-gallery-is-layout-flex\">\n<figure class=\"wp-block-image size-large\"><img decoding=\"async\" width=\"576\" height=\"1024\" data-id=\"4725\" src=\"https:\/\/noticiasregionais.com.br\/wp-content\/uploads\/2025\/03\/WhatsApp-Image-2025-03-13-at-09.08.50-576x1024.jpeg\" alt=\"\" class=\"wp-image-4725\" srcset=\"https:\/\/noticiasregionais.com.br\/wp-content\/uploads\/2025\/03\/WhatsApp-Image-2025-03-13-at-09.08.50-576x1024.jpeg 576w, https:\/\/noticiasregionais.com.br\/wp-content\/uploads\/2025\/03\/WhatsApp-Image-2025-03-13-at-09.08.50-169x300.jpeg 169w, https:\/\/noticiasregionais.com.br\/wp-content\/uploads\/2025\/03\/WhatsApp-Image-2025-03-13-at-09.08.50-768x1365.jpeg 768w, https:\/\/noticiasregionais.com.br\/wp-content\/uploads\/2025\/03\/WhatsApp-Image-2025-03-13-at-09.08.50-864x1536.jpeg 864w, https:\/\/noticiasregionais.com.br\/wp-content\/uploads\/2025\/03\/WhatsApp-Image-2025-03-13-at-09.08.50.jpeg 900w\" sizes=\"(max-width: 576px) 100vw, 576px\" \/><\/figure>\n\n\n\n<figure class=\"wp-block-image size-large\"><img decoding=\"async\" width=\"576\" height=\"1024\" data-id=\"4727\" src=\"https:\/\/noticiasregionais.com.br\/wp-content\/uploads\/2025\/03\/WhatsApp-Image-2025-03-13-at-09.08.491-576x1024.jpeg\" alt=\"\" class=\"wp-image-4727\" srcset=\"https:\/\/noticiasregionais.com.br\/wp-content\/uploads\/2025\/03\/WhatsApp-Image-2025-03-13-at-09.08.491-576x1024.jpeg 576w, https:\/\/noticiasregionais.com.br\/wp-content\/uploads\/2025\/03\/WhatsApp-Image-2025-03-13-at-09.08.491-169x300.jpeg 169w, https:\/\/noticiasregionais.com.br\/wp-content\/uploads\/2025\/03\/WhatsApp-Image-2025-03-13-at-09.08.491-768x1365.jpeg 768w, https:\/\/noticiasregionais.com.br\/wp-content\/uploads\/2025\/03\/WhatsApp-Image-2025-03-13-at-09.08.491-864x1536.jpeg 864w, https:\/\/noticiasregionais.com.br\/wp-content\/uploads\/2025\/03\/WhatsApp-Image-2025-03-13-at-09.08.491.jpeg 900w\" sizes=\"(max-width: 576px) 100vw, 576px\" \/><\/figure>\n\n\n\n<figure class=\"wp-block-image size-large\"><img decoding=\"async\" width=\"576\" height=\"1024\" data-id=\"4726\" src=\"https:\/\/noticiasregionais.com.br\/wp-content\/uploads\/2025\/03\/WhatsApp-Image-2025-03-13-at-09.08.48-576x1024.jpeg\" alt=\"\" class=\"wp-image-4726\" srcset=\"https:\/\/noticiasregionais.com.br\/wp-content\/uploads\/2025\/03\/WhatsApp-Image-2025-03-13-at-09.08.48-576x1024.jpeg 576w, https:\/\/noticiasregionais.com.br\/wp-content\/uploads\/2025\/03\/WhatsApp-Image-2025-03-13-at-09.08.48-169x300.jpeg 169w, https:\/\/noticiasregionais.com.br\/wp-content\/uploads\/2025\/03\/WhatsApp-Image-2025-03-13-at-09.08.48-768x1365.jpeg 768w, https:\/\/noticiasregionais.com.br\/wp-content\/uploads\/2025\/03\/WhatsApp-Image-2025-03-13-at-09.08.48-864x1536.jpeg 864w, https:\/\/noticiasregionais.com.br\/wp-content\/uploads\/2025\/03\/WhatsApp-Image-2025-03-13-at-09.08.48.jpeg 900w\" sizes=\"(max-width: 576px) 100vw, 576px\" \/><\/figure>\n<\/figure>\n<input type=\"hidden\" id=\"baseurl\" value=\"https:\/\/noticiasregionais.com.br\"><input type=\"hidden\" id=\"audio_nonce\" value=\"533fbb67b1\">","protected":false},"excerpt":{"rendered":"<p>Nesta quinta-feira (13), \u00e9 celebrado o Dia Mundial do Rim, uma data dedicada \u00e0 conscientiza\u00e7\u00e3o sobre a preven\u00e7\u00e3o e o&hellip;<\/p>\n","protected":false},"author":1,"featured_media":4728,"comment_status":"closed","ping_status":"open","sticky":false,"template":"","format":"standard","meta":{"sfsi_plus_gutenberg_text_before_share":"","sfsi_plus_gutenberg_show_text_before_share":"","sfsi_plus_gutenberg_icon_type":"","sfsi_plus_gutenberg_icon_alignemt":"","sfsi_plus_gutenburg_max_per_row":"","footnotes":""},"categories":[5,10,1],"tags":[16],"class_list":["post-4724","post","type-post","status-publish","format-standard","has-post-thumbnail","hentry","category-ourinhos","category-destaques","category-noticias","tag-ourinhos"],"_links":{"self":[{"href":"https:\/\/noticiasregionais.com.br\/index.php?rest_route=\/wp\/v2\/posts\/4724","targetHints":{"allow":["GET"]}}],"collection":[{"href":"https:\/\/noticiasregionais.com.br\/index.php?rest_route=\/wp\/v2\/posts"}],"about":[{"href":"https:\/\/noticiasregionais.com.br\/index.php?rest_route=\/wp\/v2\/types\/post"}],"author":[{"embeddable":true,"href":"https:\/\/noticiasregionais.com.br\/index.php?rest_route=\/wp\/v2\/users\/1"}],"replies":[{"embeddable":true,"href":"https:\/\/noticiasregionais.com.br\/index.php?rest_route=%2Fwp%2Fv2%2Fcomments&post=4724"}],"version-history":[{"count":1,"href":"https:\/\/noticiasregionais.com.br\/index.php?rest_route=\/wp\/v2\/posts\/4724\/revisions"}],"predecessor-version":[{"id":4729,"href":"https:\/\/noticiasregionais.com.br\/index.php?rest_route=\/wp\/v2\/posts\/4724\/revisions\/4729"}],"wp:featuredmedia":[{"embeddable":true,"href":"https:\/\/noticiasregionais.com.br\/index.php?rest_route=\/wp\/v2\/media\/4728"}],"wp:attachment":[{"href":"https:\/\/noticiasregionais.com.br\/index.php?rest_route=%2Fwp%2Fv2%2Fmedia&parent=4724"}],"wp:term":[{"taxonomy":"category","embeddable":true,"href":"https:\/\/noticiasregionais.com.br\/index.php?rest_route=%2Fwp%2Fv2%2Fcategories&post=4724"},{"taxonomy":"post_tag","embeddable":true,"href":"https:\/\/noticiasregionais.com.br\/index.php?rest_route=%2Fwp%2Fv2%2Ftags&post=4724"}],"curies":[{"name":"wp","href":"https:\/\/api.w.org\/{rel}","templated":true}]}}