{"id":4730,"date":"2025-03-13T22:16:42","date_gmt":"2025-03-14T01:16:42","guid":{"rendered":"https:\/\/noticiasregionais.com.br\/?p=4730"},"modified":"2025-03-13T22:16:46","modified_gmt":"2025-03-14T01:16:46","slug":"policiais-do-2o-bpm-prendem-homem-por-violacao-de-medida-protetiva-em-jacarezinho","status":"publish","type":"post","link":"https:\/\/noticiasregionais.com.br\/?p=4730","title":{"rendered":"Policiais do  2\u00ba BPM prendem homem por viola\u00e7\u00e3o de medida protetiva em Jacarezinho"},"content":{"rendered":"\n<p>Na manh\u00e3 de <strong>12 de mar\u00e7o de 2025<\/strong>, por volta das <strong>9h30<\/strong>, a Pol\u00edcia Militar de <strong>Jacarezinho<\/strong> realizou uma opera\u00e7\u00e3o na <strong>Rua Agostinho Setti, no bairro Pompeia<\/strong>, que resultou na pris\u00e3o de um homem com <strong>mandado de pris\u00e3o em aberto<\/strong> por descumprimento de medida protetiva, conforme previsto na <strong>Lei Maria da Penha (Lei 11.340\/2006)<\/strong>.<\/p>\n\n\n\n<p>Durante a abordagem, os policiais apresentaram a ordem judicial e deram voz de pris\u00e3o ao suspeito. Ap\u00f3s ser conduzido ao <strong>pronto-socorro para exames de praxe<\/strong>, ele foi encaminhado ao <strong>Departamento Penitenci\u00e1rio de Jacarezinho<\/strong>, onde permanece sob cust\u00f3dia da Justi\u00e7a.<\/p>\n\n\n\n<p>Caso seja condenado, o acusado pode enfrentar pena de <strong>tr\u00eas meses a dois anos de deten\u00e7\u00e3o<\/strong>, conforme estabelecido no artigo 24-A da Lei Maria da Penha, al\u00e9m de outras san\u00e7\u00f5es determinadas pelo Judici\u00e1rio.<\/p>\n<input type=\"hidden\" id=\"baseurl\" value=\"https:\/\/noticiasregionais.com.br\"><input type=\"hidden\" id=\"audio_nonce\" value=\"533fbb67b1\">","protected":false},"excerpt":{"rendered":"<p>Na manh\u00e3 de 12 de mar\u00e7o de 2025, por volta das 9h30, a Pol\u00edcia Militar de Jacarezinho realizou uma opera\u00e7\u00e3o&hellip;<\/p>\n","protected":false},"author":1,"featured_media":4731,"comment_status":"closed","ping_status":"open","sticky":false,"template":"","format":"standard","meta":{"sfsi_plus_gutenberg_text_before_share":"","sfsi_plus_gutenberg_show_text_before_share":"","sfsi_plus_gutenberg_icon_type":"","sfsi_plus_gutenberg_icon_alignemt":"","sfsi_plus_gutenburg_max_per_row":"","footnotes":""},"categories":[7,10,1],"tags":[18],"class_list":["post-4730","post","type-post","status-publish","format-standard","has-post-thumbnail","hentry","category-parana","category-destaques","category-noticias","tag-jacarezinho"],"_links":{"self":[{"href":"https:\/\/noticiasregionais.com.br\/index.php?rest_route=\/wp\/v2\/posts\/4730","targetHints":{"allow":["GET"]}}],"collection":[{"href":"https:\/\/noticiasregionais.com.br\/index.php?rest_route=\/wp\/v2\/posts"}],"about":[{"href":"https:\/\/noticiasregionais.com.br\/index.php?rest_route=\/wp\/v2\/types\/post"}],"author":[{"embeddable":true,"href":"https:\/\/noticiasregionais.com.br\/index.php?rest_route=\/wp\/v2\/users\/1"}],"replies":[{"embeddable":true,"href":"https:\/\/noticiasregionais.com.br\/index.php?rest_route=%2Fwp%2Fv2%2Fcomments&post=4730"}],"version-history":[{"count":1,"href":"https:\/\/noticiasregionais.com.br\/index.php?rest_route=\/wp\/v2\/posts\/4730\/revisions"}],"predecessor-version":[{"id":4732,"href":"https:\/\/noticiasregionais.com.br\/index.php?rest_route=\/wp\/v2\/posts\/4730\/revisions\/4732"}],"wp:featuredmedia":[{"embeddable":true,"href":"https:\/\/noticiasregionais.com.br\/index.php?rest_route=\/wp\/v2\/media\/4731"}],"wp:attachment":[{"href":"https:\/\/noticiasregionais.com.br\/index.php?rest_route=%2Fwp%2Fv2%2Fmedia&parent=4730"}],"wp:term":[{"taxonomy":"category","embeddable":true,"href":"https:\/\/noticiasregionais.com.br\/index.php?rest_route=%2Fwp%2Fv2%2Fcategories&post=4730"},{"taxonomy":"post_tag","embeddable":true,"href":"https:\/\/noticiasregionais.com.br\/index.php?rest_route=%2Fwp%2Fv2%2Ftags&post=4730"}],"curies":[{"name":"wp","href":"https:\/\/api.w.org\/{rel}","templated":true}]}}