{"id":4733,"date":"2025-03-17T07:22:32","date_gmt":"2025-03-17T10:22:32","guid":{"rendered":"https:\/\/noticiasregionais.com.br\/?p=4733"},"modified":"2025-03-17T07:28:51","modified_gmt":"2025-03-17T10:28:51","slug":"caminhao-capota-na-br-153-em-ibaiti-e-motorista-morre-preso-nas-ferragens","status":"publish","type":"post","link":"https:\/\/noticiasregionais.com.br\/?p=4733","title":{"rendered":"Caminh\u00e3o capota na BR-153 em Ibaiti e motorista morre preso nas ferragens"},"content":{"rendered":"\n<p>Na noite do \u00faltimo s\u00e1bado (15), um grave acidente de tr\u00e2nsito foi registrado no km 121+500m da BR-153, no munic\u00edpio de Ibaiti, no norte do Paran\u00e1. O sinistro ocorreu por volta das 23h40 e envolveu um caminh\u00e3o Ford truck carregado com fardos de papel\u00e3o, que acabou capotando na pista enquanto seguia no sentido Ibaiti\/Ventania.<\/p>\n\n\n\n<p>De acordo com informa\u00e7\u00f5es preliminares, o condutor do ve\u00edculo, cuja identidade ainda n\u00e3o foi confirmada, ficou preso nas ferragens ap\u00f3s o capotamento. Equipes do Corpo de Bombeiros de Ibaiti foram acionadas e trabalharam por v\u00e1rias horas para acessar a cabine e realizar o resgate. Infelizmente, ao conseguirem chegar at\u00e9 a v\u00edtima, o \u00f3bito foi confirmado no local pelo m\u00e9dico do Servi\u00e7o de Atendimento M\u00f3vel de Urg\u00eancia (SAMU).<\/p>\n\n\n\n<p>A Pol\u00edcia Cient\u00edfica e o Instituto M\u00e9dico-Legal (IML) de Jacarezinho tamb\u00e9m estiveram no local para realizar a per\u00edcia e o encaminhamento do corpo. As causas do acidente ainda ser\u00e3o investigadas pelas autoridades competentes.<\/p>\n\n\n\n<p>O trecho onde ocorreu o acidente permaneceu parcialmente interditado durante os trabalhos de resgate e per\u00edcia, sendo posteriormente liberado para o tr\u00e2nsito. As autoridades refor\u00e7am a import\u00e2ncia da aten\u00e7\u00e3o redobrada dos condutores nas rodovias, especialmente durante o per\u00edodo noturno, quando as condi\u00e7\u00f5es de visibilidade s\u00e3o reduzidas.<\/p>\n\n\n\n<p>Mais informa\u00e7\u00f5es sobre a identifica\u00e7\u00e3o da v\u00edtima e poss\u00edveis causas do acidente devem ser divulgadas nos pr\u00f3ximos dias pelas autoridades respons\u00e1veis.<\/p>\n<input type=\"hidden\" id=\"baseurl\" value=\"https:\/\/noticiasregionais.com.br\"><input type=\"hidden\" id=\"audio_nonce\" value=\"533fbb67b1\">","protected":false},"excerpt":{"rendered":"<p>Na noite do \u00faltimo s\u00e1bado (15), um grave acidente de tr\u00e2nsito foi registrado no km 121+500m da BR-153, no munic\u00edpio&hellip;<\/p>\n","protected":false},"author":1,"featured_media":4734,"comment_status":"closed","ping_status":"open","sticky":false,"template":"","format":"standard","meta":{"sfsi_plus_gutenberg_text_before_share":"","sfsi_plus_gutenberg_show_text_before_share":"","sfsi_plus_gutenberg_icon_type":"","sfsi_plus_gutenberg_icon_alignemt":"","sfsi_plus_gutenburg_max_per_row":"","footnotes":""},"categories":[7,10,1],"tags":[33],"class_list":["post-4733","post","type-post","status-publish","format-standard","has-post-thumbnail","hentry","category-parana","category-destaques","category-noticias","tag-ibaiti"],"_links":{"self":[{"href":"https:\/\/noticiasregionais.com.br\/index.php?rest_route=\/wp\/v2\/posts\/4733","targetHints":{"allow":["GET"]}}],"collection":[{"href":"https:\/\/noticiasregionais.com.br\/index.php?rest_route=\/wp\/v2\/posts"}],"about":[{"href":"https:\/\/noticiasregionais.com.br\/index.php?rest_route=\/wp\/v2\/types\/post"}],"author":[{"embeddable":true,"href":"https:\/\/noticiasregionais.com.br\/index.php?rest_route=\/wp\/v2\/users\/1"}],"replies":[{"embeddable":true,"href":"https:\/\/noticiasregionais.com.br\/index.php?rest_route=%2Fwp%2Fv2%2Fcomments&post=4733"}],"version-history":[{"count":1,"href":"https:\/\/noticiasregionais.com.br\/index.php?rest_route=\/wp\/v2\/posts\/4733\/revisions"}],"predecessor-version":[{"id":4735,"href":"https:\/\/noticiasregionais.com.br\/index.php?rest_route=\/wp\/v2\/posts\/4733\/revisions\/4735"}],"wp:featuredmedia":[{"embeddable":true,"href":"https:\/\/noticiasregionais.com.br\/index.php?rest_route=\/wp\/v2\/media\/4734"}],"wp:attachment":[{"href":"https:\/\/noticiasregionais.com.br\/index.php?rest_route=%2Fwp%2Fv2%2Fmedia&parent=4733"}],"wp:term":[{"taxonomy":"category","embeddable":true,"href":"https:\/\/noticiasregionais.com.br\/index.php?rest_route=%2Fwp%2Fv2%2Fcategories&post=4733"},{"taxonomy":"post_tag","embeddable":true,"href":"https:\/\/noticiasregionais.com.br\/index.php?rest_route=%2Fwp%2Fv2%2Ftags&post=4733"}],"curies":[{"name":"wp","href":"https:\/\/api.w.org\/{rel}","templated":true}]}}